{"id":108790,"date":"2022-05-21T23:59:09","date_gmt":"2022-05-22T02:59:09","guid":{"rendered":"http:\/\/vinasfm.com\/noticias\/?p=108790"},"modified":"2022-05-23T08:52:46","modified_gmt":"2022-05-23T11:52:46","slug":"realizaran-un-estudio-de-mercado-para-prestadores-turisticos","status":"publish","type":"post","link":"https:\/\/vinasfm.com\/noticias\/realizaran-un-estudio-de-mercado-para-prestadores-turisticos\/","title":{"rendered":"REALIZAR\u00c1N UN ESTUDIO DE MERCADO PARA PRESTADORES TUR\u00cdSTICOS"},"content":{"rendered":"<h4><strong><span style=\"color: #000000;\">La Directora de Turismo Fabiana Gonz\u00e1lez inform\u00f3 que se llevar\u00e1 a cabo un workshop destinado a prestadores tur\u00edsticos del Departamento, programado para el viernes 20 de mayo por la tarde, en el sal\u00f3n de Cooperativa Vitivinifrut\u00edcola Alvear, ubicada en Ruta 188 y callej\u00f3n 8.<\/span><\/strong><\/h4>\n<p><span style=\"color: #000000;\">Se trata de un workshop o estudio de marcado, que ser\u00e1 llevado a cabo por un equipo de la Universidad Nacional de Cuyo con prestadores tur\u00edsticos del Departamento y el personal de la Direcci\u00f3n de Turismo.<\/span><\/p>\n<p><span style=\"color: #000000;\">La cita es este viernes, 20 de mayo, a las 16 a 19h aproximadamente, en el sal\u00f3n de Cooperativa Vitivinifrut\u00edcola Alvear, con el objetivo de conocer el perfil del turista y las tendencias globales, nacionales e internacionales.<\/span><\/p>\n<p><span style=\"color: #000000;\">\u201c<strong><em>En el marco de un convenio firmado con la Universidad Nacional de Cuyo, hemos logrado que profesionales, liderados por la Mgter. Jimena Estrella, vengan a comenzar este estudio de mercado, que necesitamos para consolidarnos como destino tur\u00edstico. Un workshop que tiene como protagonista a los prestadores y hacedores del turismo, como el deporte, la cultura, la comunicaci\u00f3n, para rescatar qui\u00e9n llega a Alvear, cu\u00e1l es su perfil, para qu\u00e9 viene al Departamento, para determinar el potencial cliente. Nuestro objetivo es seguir creciendo como destino tur\u00edstico para comprender desde el lugar estrat\u00e9gico que ocupa General Alvear cu\u00e1l es la estrategia a desarrollar, desde el prestador hacia afuera<\/em><\/strong>\u201d, enfatiz\u00f3 Fabiana Gonz\u00e1lez.<\/span><\/p>\n","protected":false},"excerpt":{"rendered":"<p>La Directora de Turismo Fabiana Gonz\u00e1lez inform\u00f3 que se llevar\u00e1 a cabo un workshop destinado a prestadores tur\u00edsticos del Departamento, programado &#8230;<\/p>\n","protected":false},"author":8,"featured_media":108792,"comment_status":"open","ping_status":"open","sticky":false,"template":"","format":"standard","meta":{"footnotes":""},"categories":[5,10],"tags":[],"class_list":["post-108790","post","type-post","status-publish","format-standard","has-post-thumbnail","hentry","category-actualidad","category-destacadas"],"_links":{"self":[{"href":"https:\/\/vinasfm.com\/noticias\/wp-json\/wp\/v2\/posts\/108790","targetHints":{"allow":["GET"]}}],"collection":[{"href":"https:\/\/vinasfm.com\/noticias\/wp-json\/wp\/v2\/posts"}],"about":[{"href":"https:\/\/vinasfm.com\/noticias\/wp-json\/wp\/v2\/types\/post"}],"author":[{"embeddable":true,"href":"https:\/\/vinasfm.com\/noticias\/wp-json\/wp\/v2\/users\/8"}],"replies":[{"embeddable":true,"href":"https:\/\/vinasfm.com\/noticias\/wp-json\/wp\/v2\/comments?post=108790"}],"version-history":[{"count":1,"href":"https:\/\/vinasfm.com\/noticias\/wp-json\/wp\/v2\/posts\/108790\/revisions"}],"predecessor-version":[{"id":108794,"href":"https:\/\/vinasfm.com\/noticias\/wp-json\/wp\/v2\/posts\/108790\/revisions\/108794"}],"wp:featuredmedia":[{"embeddable":true,"href":"https:\/\/vinasfm.com\/noticias\/wp-json\/wp\/v2\/media\/108792"}],"wp:attachment":[{"href":"https:\/\/vinasfm.com\/noticias\/wp-json\/wp\/v2\/media?parent=108790"}],"wp:term":[{"taxonomy":"category","embeddable":true,"href":"https:\/\/vinasfm.com\/noticias\/wp-json\/wp\/v2\/categories?post=108790"},{"taxonomy":"post_tag","embeddable":true,"href":"https:\/\/vinasfm.com\/noticias\/wp-json\/wp\/v2\/tags?post=108790"}],"curies":[{"name":"wp","href":"https:\/\/api.w.org\/{rel}","templated":true}]}}