{"id":108787,"date":"2022-05-20T00:01:40","date_gmt":"2022-05-20T03:01:40","guid":{"rendered":"http:\/\/vinasfm.com\/noticias\/?p=108787"},"modified":"2022-05-23T08:45:01","modified_gmt":"2022-05-23T11:45:01","slug":"este-fin-de-semana-se-desarrollaran-multiples-actividades-deportivas-en-alvear","status":"publish","type":"post","link":"https:\/\/vinasfm.com\/noticias\/este-fin-de-semana-se-desarrollaran-multiples-actividades-deportivas-en-alvear\/","title":{"rendered":"ESTE FIN DE SEMANA SE DESARROLLAR\u00c1N M\u00daLTIPLES ACTIVIDADES DEPORTIVAS EN ALVEAR"},"content":{"rendered":"<h4><span style=\"color: #000000;\"><strong>El Director de Deportes, Actividad F\u00edsica y Recreaci\u00f3n Jorge P\u00e1ez anunci\u00f3 los eventos deportivos programados para el fin de semana en el Polideportivo municipal.<\/strong><\/span><\/h4>\n<p><span style=\"color: #000000;\">El <strong>s\u00e1bado 21 de mayo a partir de las 10h<\/strong> iniciar\u00e1 el Encuentro de B\u00e1squet, en la Categor\u00eda mini y pre mini. El mismo, tendr\u00e1 lugar en el <strong>Polideportivo Depoprtistas Alvearenses<\/strong>. Contar\u00e1 con escuelitas deportivas de Bowen, Carmensa, Ciudad, del Sport Club Pac\u00edfico y de Andes Foot-Ball Club.<\/span><\/p>\n<p><span style=\"color: #000000;\">Por otra parte, se har\u00e1 el<strong> Encuentro de Tejo General Alvear<\/strong>, en la categor\u00eda Femenino, masculino + 55 a\u00f1os, en el Polideportivo Deportistas Alvearenses, el s\u00e1bado 21, de 10 a 18h, y el domingo 22 de mayo, a partir de las 10h, donde se disputar\u00e1n las semifinales, finales y se efectuar\u00e1 la entrega de premios. El funcionario destac\u00f3 la gran participaci\u00f3n de deportistas de diferentes departamentos de la Provincia, tambi\u00e9n de Uni\u00f3n, adem\u00e1s de los abuelos alvearenses que practican este deporte.<\/span><\/p>\n<p><span style=\"color: #000000;\">\u201c<strong><em>Se har\u00e1 el lanzamiento de los Juegos Sanmartinianos, la etapa provincial de los Juegos Evita nacionales. Vamos a trabajar con las diferentes escuelas e instituciones para ser protagonistas, tanto en la etapa provincial como nacional del torneo<\/em><\/strong>\u201d, explic\u00f3 el funcionario.<\/span><\/p>\n<p><span style=\"color: #000000;\">Jorge P\u00e1ez subray\u00f3 que pr\u00f3ximamente habr\u00e1 diferentes eventos deportivos. En junio se har\u00e1 la Carrera de la Bandera, desde el Polideportivo Deportistas Alvearenses hasta la Plaza Manuel Belgrano de Alvear Oeste, se realizar\u00e1 el 19 de junio, fecha pr\u00f3xima al D\u00eda de la Bandera, donde los primeros 200 inscriptos recibir\u00e1n una remera. \u201c<em><strong>Es una carrera r\u00e1pida, para trabajar velocidad, corta, para que todos se animen y puedan participar, en familia o con amigos, con el objetivo de que todos puedan sumarse a la pr\u00e1ctica de un deporte y pueden hacerla corriendo, caminando, en bicicleta o con Rollers. Esperamos que todos la puedan completarla. Pronto lanzaremos el link de inscripci\u00f3n y tambi\u00e9n podr\u00e1n inscribirse de modo presencial en el Polideportivo municipal<\/strong><\/em>\u201d, concluy\u00f3.<\/span><\/p>\n","protected":false},"excerpt":{"rendered":"<p>El Director de Deportes, Actividad F\u00edsica y Recreaci\u00f3n Jorge P\u00e1ez anunci\u00f3 los eventos deportivos programados para el fin de semana en &#8230;<\/p>\n","protected":false},"author":8,"featured_media":63492,"comment_status":"open","ping_status":"open","sticky":false,"template":"","format":"standard","meta":{"footnotes":""},"categories":[5,3],"tags":[],"class_list":["post-108787","post","type-post","status-publish","format-standard","has-post-thumbnail","hentry","category-actualidad","category-deportes"],"_links":{"self":[{"href":"https:\/\/vinasfm.com\/noticias\/wp-json\/wp\/v2\/posts\/108787","targetHints":{"allow":["GET"]}}],"collection":[{"href":"https:\/\/vinasfm.com\/noticias\/wp-json\/wp\/v2\/posts"}],"about":[{"href":"https:\/\/vinasfm.com\/noticias\/wp-json\/wp\/v2\/types\/post"}],"author":[{"embeddable":true,"href":"https:\/\/vinasfm.com\/noticias\/wp-json\/wp\/v2\/users\/8"}],"replies":[{"embeddable":true,"href":"https:\/\/vinasfm.com\/noticias\/wp-json\/wp\/v2\/comments?post=108787"}],"version-history":[{"count":2,"href":"https:\/\/vinasfm.com\/noticias\/wp-json\/wp\/v2\/posts\/108787\/revisions"}],"predecessor-version":[{"id":108842,"href":"https:\/\/vinasfm.com\/noticias\/wp-json\/wp\/v2\/posts\/108787\/revisions\/108842"}],"wp:featuredmedia":[{"embeddable":true,"href":"https:\/\/vinasfm.com\/noticias\/wp-json\/wp\/v2\/media\/63492"}],"wp:attachment":[{"href":"https:\/\/vinasfm.com\/noticias\/wp-json\/wp\/v2\/media?parent=108787"}],"wp:term":[{"taxonomy":"category","embeddable":true,"href":"https:\/\/vinasfm.com\/noticias\/wp-json\/wp\/v2\/categories?post=108787"},{"taxonomy":"post_tag","embeddable":true,"href":"https:\/\/vinasfm.com\/noticias\/wp-json\/wp\/v2\/tags?post=108787"}],"curies":[{"name":"wp","href":"https:\/\/api.w.org\/{rel}","templated":true}]}}