{"id":108778,"date":"2022-05-20T00:01:46","date_gmt":"2022-05-20T03:01:46","guid":{"rendered":"http:\/\/vinasfm.com\/noticias\/?p=108778"},"modified":"2022-05-23T08:44:36","modified_gmt":"2022-05-23T11:44:36","slug":"agenda-cultural-que-opciones-tenemos-para-disfrutar-este-fin-de-semana","status":"publish","type":"post","link":"https:\/\/vinasfm.com\/noticias\/agenda-cultural-que-opciones-tenemos-para-disfrutar-este-fin-de-semana\/","title":{"rendered":"AGENDA CULTURAL: \u00bfQU\u00c9 OPCIONES TENEMOS PARA DISFRUTAR ESTE FIN DE SEMANA?"},"content":{"rendered":"<h4><span style=\"color: #000000;\"><strong>\u00a0Liana Piedrafita adelanto la agenda cultural que se presenta para todo el fin de semana con una variada serie de actividades para que podamos disfrutar\u00a0<\/strong><\/span><\/h4>\n<p><span style=\"color: #000000;\">Desde el 29 de abril se esta realizando la actividad \u00ab<strong><em>El mes de los museos<\/em><\/strong>\u00bb donde se dio inicio en el museo inmigrante con una charla, ma\u00f1ana viernes 20 de mayo algunos objetos del museo de Malvinas ser\u00e1n exhibidos en la plaza departamental. Luego cerca de las 18:oo HS habr\u00e1 un evento con el ballet de folclore, adem\u00e1s la escuela Williams presentara algunos eventos art\u00edsticos.<\/span><\/p>\n<p><span style=\"color: #000000;\">Liana Piedrafita nos detall\u00f3 los eventos que se desarrollaran este fin de semana <strong>\u00abSiguiendo con el tema de los museos el s\u00e1bado 21 de mayo se presentara la historiadora Adela \u00c1lvarez dando una charla acerca de la inmigraci\u00f3n y esta noche en el teatro se presentara la academia de baile Newen, adem\u00e1s est\u00e1n todos invitados en el distrito de Bowen al evento de la filarm\u00f3nica\u00bb.\u00a0<\/strong><\/span><\/p>\n<p><span style=\"color: #000000;\">Otro tema que se abordo es la fecha limite para enviar las obras de artes pl\u00e1sticas para la Quinta Bienal, tendr\u00e1n tiempo hasta el 31 de agosto recordando que esta quinta bienal tiene dos categor\u00edas por un lado pintura y por el otro fotograf\u00eda, todo la informaci\u00f3n esta en las bases y condiciones que se publica en las redes. Para la semana que viene nos visitara Mario Lange un artista pl\u00e1stico reconocido por el arte que ofrece. Tendr\u00e1 lugar en el teatro con una charla para todos los artistas pl\u00e1sticos que est\u00e9n interesados.<\/span><\/p>\n<p><span style=\"color: #000000;\">L.L<\/span><\/p>\n","protected":false},"excerpt":{"rendered":"<p>\u00a0Liana Piedrafita adelanto la agenda cultural que se presenta para todo el fin de semana con una variada serie de actividades &#8230;<\/p>\n","protected":false},"author":7,"featured_media":39800,"comment_status":"open","ping_status":"open","sticky":false,"template":"","format":"standard","meta":{"footnotes":""},"categories":[5,19],"tags":[],"class_list":["post-108778","post","type-post","status-publish","format-standard","has-post-thumbnail","hentry","category-actualidad","category-cultura"],"_links":{"self":[{"href":"https:\/\/vinasfm.com\/noticias\/wp-json\/wp\/v2\/posts\/108778","targetHints":{"allow":["GET"]}}],"collection":[{"href":"https:\/\/vinasfm.com\/noticias\/wp-json\/wp\/v2\/posts"}],"about":[{"href":"https:\/\/vinasfm.com\/noticias\/wp-json\/wp\/v2\/types\/post"}],"author":[{"embeddable":true,"href":"https:\/\/vinasfm.com\/noticias\/wp-json\/wp\/v2\/users\/7"}],"replies":[{"embeddable":true,"href":"https:\/\/vinasfm.com\/noticias\/wp-json\/wp\/v2\/comments?post=108778"}],"version-history":[{"count":4,"href":"https:\/\/vinasfm.com\/noticias\/wp-json\/wp\/v2\/posts\/108778\/revisions"}],"predecessor-version":[{"id":108838,"href":"https:\/\/vinasfm.com\/noticias\/wp-json\/wp\/v2\/posts\/108778\/revisions\/108838"}],"wp:featuredmedia":[{"embeddable":true,"href":"https:\/\/vinasfm.com\/noticias\/wp-json\/wp\/v2\/media\/39800"}],"wp:attachment":[{"href":"https:\/\/vinasfm.com\/noticias\/wp-json\/wp\/v2\/media?parent=108778"}],"wp:term":[{"taxonomy":"category","embeddable":true,"href":"https:\/\/vinasfm.com\/noticias\/wp-json\/wp\/v2\/categories?post=108778"},{"taxonomy":"post_tag","embeddable":true,"href":"https:\/\/vinasfm.com\/noticias\/wp-json\/wp\/v2\/tags?post=108778"}],"curies":[{"name":"wp","href":"https:\/\/api.w.org\/{rel}","templated":true}]}}