{"id":108776,"date":"2022-05-21T23:59:04","date_gmt":"2022-05-22T02:59:04","guid":{"rendered":"http:\/\/vinasfm.com\/noticias\/?p=108776"},"modified":"2022-05-23T08:59:32","modified_gmt":"2022-05-23T11:59:32","slug":"la-multisectorial-de-alvear-ratifico-su-postura-en-defensa-de-la-ley-7722","status":"publish","type":"post","link":"https:\/\/vinasfm.com\/noticias\/la-multisectorial-de-alvear-ratifico-su-postura-en-defensa-de-la-ley-7722\/","title":{"rendered":"LA MULTISECTORIAL DE ALVEAR RATIFIC\u00d3 SU POSTURA EN DEFENSA DE LA LEY 7722"},"content":{"rendered":"<h4><strong><span style=\"color: #000000;\">La Multisectorial de General Alvear nuevamente pisa firme ante la defensa de la Ley 7722, defendiendo el agua en nuestra provincia siendo impensada el trabajo minero en nuestra zona. Tambi\u00e9n defendiendo y apoyando la obra h\u00eddrica del Trasvase del R\u00edo Grande al Atuel.<\/span><\/strong><\/h4>\n<p><span style=\"color: #000000;\"><span style=\"color: #000000;\">Desde la Multisectorial departamental en el d\u00eda de ayer hizo p\u00fablico un comunicado en<\/span><b style=\"color: #000000;\"> contra el laudo del Presidente de la Naci\u00f3n Alberto <\/b><span style=\"color: #000000;\"><b>Fern\u00e1ndez<\/b><\/span><b style=\"color: #000000;\"> ante la obra Portezuelo del Viento<\/b><span style=\"color: #000000;\"> obra esperada y proyectada por la provincia de Mendoza siendo un obra h\u00eddrica brindando soluci\u00f3n a la crisis en la que nos presentamos, mostrando ante est\u00e1 decisi\u00f3n su apoyo y acompa\u00f1amiento a la provincia de La Pampa.<\/span><\/span><\/p>\n<p><strong><span style=\"color: #000000;\">El Presidente de la Naci\u00f3n en un acto realizado en la provincia de La Pampa sostuvo y reafirmo su apoyo a la vecina provincia donde habilito un nuevo estudio sobre el impacto ambiental sobre los efectos que podr\u00eda generar la construcci\u00f3n de esa obra h\u00eddrica<\/span><\/strong><\/p>\n<p><span style=\"color: #000000;\">Por dictamen de la <strong>Suprema Corte de Justicia de la Naci\u00f3n le exige a la provincia de Mendoza una entrega de 3,2 metros c\u00fabicos de agua a la provincia de La Pampa,<\/strong> entregando est\u00e9 volumen genera perdida de agua para riego de los productores locales. De est\u00e1 forma hay que trabajar en las diferentes obras para evitar filtraciones de agua en el riego y poder realizar un mayor aprovechamiento h\u00eddrico en nuestra zona por los productores.\u00a0\u00a0<\/span><\/p>\n<p><strong><span style=\"color: #000000;\">Ante el comunicado se pide al Intendente Municipal Lic. Walther Marcolini involucrarse con las entidades necesarias para dar apoyo, acompa\u00f1amiento y soluci\u00f3n a est\u00e1 situaci\u00f3n siendo una tarea para el crecimiento de las actividades regionales.\u00a0<\/span><\/strong><\/p>\n","protected":false},"excerpt":{"rendered":"<p>La Multisectorial de General Alvear nuevamente pisa firme ante la defensa de la Ley 7722, defendiendo el agua en nuestra provincia &#8230;<\/p>\n","protected":false},"author":7,"featured_media":62825,"comment_status":"open","ping_status":"open","sticky":false,"template":"","format":"standard","meta":{"footnotes":""},"categories":[5,10],"tags":[],"class_list":["post-108776","post","type-post","status-publish","format-standard","has-post-thumbnail","hentry","category-actualidad","category-destacadas"],"_links":{"self":[{"href":"https:\/\/vinasfm.com\/noticias\/wp-json\/wp\/v2\/posts\/108776","targetHints":{"allow":["GET"]}}],"collection":[{"href":"https:\/\/vinasfm.com\/noticias\/wp-json\/wp\/v2\/posts"}],"about":[{"href":"https:\/\/vinasfm.com\/noticias\/wp-json\/wp\/v2\/types\/post"}],"author":[{"embeddable":true,"href":"https:\/\/vinasfm.com\/noticias\/wp-json\/wp\/v2\/users\/7"}],"replies":[{"embeddable":true,"href":"https:\/\/vinasfm.com\/noticias\/wp-json\/wp\/v2\/comments?post=108776"}],"version-history":[{"count":8,"href":"https:\/\/vinasfm.com\/noticias\/wp-json\/wp\/v2\/posts\/108776\/revisions"}],"predecessor-version":[{"id":108835,"href":"https:\/\/vinasfm.com\/noticias\/wp-json\/wp\/v2\/posts\/108776\/revisions\/108835"}],"wp:featuredmedia":[{"embeddable":true,"href":"https:\/\/vinasfm.com\/noticias\/wp-json\/wp\/v2\/media\/62825"}],"wp:attachment":[{"href":"https:\/\/vinasfm.com\/noticias\/wp-json\/wp\/v2\/media?parent=108776"}],"wp:term":[{"taxonomy":"category","embeddable":true,"href":"https:\/\/vinasfm.com\/noticias\/wp-json\/wp\/v2\/categories?post=108776"},{"taxonomy":"post_tag","embeddable":true,"href":"https:\/\/vinasfm.com\/noticias\/wp-json\/wp\/v2\/tags?post=108776"}],"curies":[{"name":"wp","href":"https:\/\/api.w.org\/{rel}","templated":true}]}}