{"id":108763,"date":"2022-05-19T23:59:37","date_gmt":"2022-05-20T02:59:37","guid":{"rendered":"http:\/\/vinasfm.com\/noticias\/?p=108763"},"modified":"2022-05-21T10:24:17","modified_gmt":"2022-05-21T13:24:17","slug":"fallecio-en-san-rafael-el-joven-que-sufrio-graves-quemaduras-en-b-isla-gorostiague","status":"publish","type":"post","link":"https:\/\/vinasfm.com\/noticias\/fallecio-en-san-rafael-el-joven-que-sufrio-graves-quemaduras-en-b-isla-gorostiague\/","title":{"rendered":"FALLECI\u00d3 EN SAN RAFAEL EL JOVEN QUE SUFRI\u00d3 GRAVES QUEMADURAS EN B\u00b0 ISLA GOROSTIAGUE"},"content":{"rendered":"<h4><span style=\"color: #000000;\"><strong>Desde el Hospital Teodoro J. Schestakow, donde estaba alojada la v\u00edctima de apellido <em>Torres<\/em> (22), confirmaron la lamentable noticia en horas de la ma\u00f1ana de este jueves. El siniestro se produjo en horas de la noche del pasado s\u00e1bado en una vivienda de calle Artola al 1039 afectando toda la construcci\u00f3n y alcanzando a quemar el 50% del cuerpo de su propietario.<\/strong><\/span><\/h4>\n<div id=\"attachment_108764\" style=\"width: 300px\" class=\"wp-caption alignleft\"><a style=\"color: #000000;\" href=\"http:\/\/vinasfm.com\/noticias\/wp-content\/uploads\/2022\/05\/INCENDIO-1.png\"><img loading=\"lazy\" decoding=\"async\" aria-describedby=\"caption-attachment-108764\" class=\"size-medium wp-image-108764\" src=\"http:\/\/vinasfm.com\/noticias\/wp-content\/uploads\/2022\/05\/INCENDIO-1-300x205.png\" alt=\"\" width=\"300\" height=\"205\" srcset=\"https:\/\/vinasfm.com\/noticias\/wp-content\/uploads\/2022\/05\/INCENDIO-1-300x205.png 300w, https:\/\/vinasfm.com\/noticias\/wp-content\/uploads\/2022\/05\/INCENDIO-1.png 349w\" sizes=\"auto, (max-width: 300px) 100vw, 300px\" \/><\/a><p id=\"caption-attachment-108764\" class=\"wp-caption-text\"><span style=\"color: #000000;\">Incendio en B\u00b0 Isla Gorostiague.<\/span><\/p><\/div>\n<p><span style=\"color: #000000;\">El siniestro se produjo alrededor de las<strong> 23:15hs del pasado s\u00e1bado<\/strong> en dicha propiedad situada en\u00a0<strong>B\u00b0 Isla Gorostiague<\/strong> por lo que la Polic\u00eda acudi\u00f3 al escenario del hecho junto con personal de Bomberos y del nosocomio local.<\/span><\/p>\n<p><span style=\"color: #000000;\">Conforme a lo que declar\u00f3 la pareja, el damnificado de apellido\u00a0<strong>encendi\u00f3 un cigarrillo mientras manipulaba una motosierra<\/strong>, cuyo\u00a0<strong>tanque cargado con combustible explot\u00f3 afectando el 50% del cuerpo del joven<\/strong>. Las llamas adem\u00e1s\u00a0<strong>se propagaron r\u00e1pidamente por la estructura de la vivienda<\/strong>.<\/span><\/p>\n<p><span style=\"color: #000000;\">Afortunadamente la mujer de Torres junto a su peque\u00f1a hija (4) lograron salir ilesas a la calle mientras que\u00a0<strong>el lesionado fue asistido por una enfermera que estaba en cercan\u00edas del lugar hasta que lleg\u00f3 personal de Salud<\/strong>. Ingres\u00f3 a la guardia presentando\u00a0<strong><em>quemaduras en rostro, cuero cabelludo, miembros superiores, t\u00f3rax\u00a0<\/em><\/strong>y<strong><em> parte del muslo derecho<\/em><\/strong>, grave cuadro por el que fue derivado al nosocomio sanrafaelino, desde donde<strong> hoy confirmaron su deceso<\/strong>.<\/span><\/p>\n<p><span style=\"color: #000000;\"><strong>La vivienda sufri\u00f3 p\u00e9rdidas totales<\/strong>. Tom\u00f3 conocimiento el Dr. Pablo Carrizo quien dispuso actuaciones, pericia de bomberos, denuncia de la femenino y una encuesta ambiental.<\/span><\/p>\n","protected":false},"excerpt":{"rendered":"<p>Desde el Hospital Teodoro J. Schestakow, donde estaba alojada la v\u00edctima de apellido Torres (22), confirmaron la lamentable noticia en horas &#8230;<\/p>\n","protected":false},"author":8,"featured_media":77245,"comment_status":"open","ping_status":"open","sticky":false,"template":"","format":"standard","meta":{"footnotes":""},"categories":[5,4],"tags":[],"class_list":["post-108763","post","type-post","status-publish","format-standard","has-post-thumbnail","hentry","category-actualidad","category-policiales"],"_links":{"self":[{"href":"https:\/\/vinasfm.com\/noticias\/wp-json\/wp\/v2\/posts\/108763","targetHints":{"allow":["GET"]}}],"collection":[{"href":"https:\/\/vinasfm.com\/noticias\/wp-json\/wp\/v2\/posts"}],"about":[{"href":"https:\/\/vinasfm.com\/noticias\/wp-json\/wp\/v2\/types\/post"}],"author":[{"embeddable":true,"href":"https:\/\/vinasfm.com\/noticias\/wp-json\/wp\/v2\/users\/8"}],"replies":[{"embeddable":true,"href":"https:\/\/vinasfm.com\/noticias\/wp-json\/wp\/v2\/comments?post=108763"}],"version-history":[{"count":4,"href":"https:\/\/vinasfm.com\/noticias\/wp-json\/wp\/v2\/posts\/108763\/revisions"}],"predecessor-version":[{"id":108832,"href":"https:\/\/vinasfm.com\/noticias\/wp-json\/wp\/v2\/posts\/108763\/revisions\/108832"}],"wp:featuredmedia":[{"embeddable":true,"href":"https:\/\/vinasfm.com\/noticias\/wp-json\/wp\/v2\/media\/77245"}],"wp:attachment":[{"href":"https:\/\/vinasfm.com\/noticias\/wp-json\/wp\/v2\/media?parent=108763"}],"wp:term":[{"taxonomy":"category","embeddable":true,"href":"https:\/\/vinasfm.com\/noticias\/wp-json\/wp\/v2\/categories?post=108763"},{"taxonomy":"post_tag","embeddable":true,"href":"https:\/\/vinasfm.com\/noticias\/wp-json\/wp\/v2\/tags?post=108763"}],"curies":[{"name":"wp","href":"https:\/\/api.w.org\/{rel}","templated":true}]}}