{"id":108740,"date":"2022-05-19T09:47:50","date_gmt":"2022-05-19T12:47:50","guid":{"rendered":"http:\/\/vinasfm.com\/noticias\/?p=108740"},"modified":"2022-05-20T08:57:16","modified_gmt":"2022-05-20T11:57:16","slug":"el-movil-policial-de-punta-del-agua-impacto-contra-un-caballo-en-ruta-190","status":"publish","type":"post","link":"https:\/\/vinasfm.com\/noticias\/el-movil-policial-de-punta-del-agua-impacto-contra-un-caballo-en-ruta-190\/","title":{"rendered":"EL M\u00d3VIL POLICIAL DE PUNTA DEL AGUA IMPACT\u00d3 CONTRA UN CABALLO EN RUTA 190"},"content":{"rendered":"<h4><span style=\"color: #000000;\"><strong>En horas de la ma\u00f1ana de este mi\u00e9rcoles una camioneta perteneciente el destacamento de Punta del Agua protagoniz\u00f3 un incidente vial al impactar contra un animal equino que cruzaba Ruta 190.<\/strong><\/span><\/h4>\n<h4><span style=\"color: #000000;\"><strong>De acuerdo a lo indicado por el Subcomisario Jos\u00e9 L\u00f3pez\u00a0el hecho se produjo alrededor de las 08:00hs de ayer cuando una Ford Ranger circulaba en direcci\u00f3n a Alvear por Ruta 190 y a 6km de Punta del Agua &#8216;<em>sali\u00f3 un caballo de una tranquera abierta y se fue directo a la movilidad<\/em>&#8216;, rese\u00f1\u00f3 el funcionario policial.<\/strong><\/span><\/h4>\n<h4><span style=\"color: #000000;\"><strong>Consultado sobre el estado del conductor de la movilidad, L\u00f3pez manifest\u00f3 que &#8216;<em>fue trasladado al hospital Enfermeros Argentinos presentando algunos golpes leves pero nada grave<\/em>&#8216;, y respecto al animal, sostuvo que &#8216;<em>perdi\u00f3 la vida por lo que Polic\u00eda Cient\u00edfica est\u00e1 trabajando para dar con el due\u00f1o<\/em>&#8216;.<\/strong><\/span><\/h4>\n<h4 style=\"text-align: center;\"><span style=\"color: #000000;\"><strong>IM\u00c1GENES<\/strong><\/span><\/h4>\n<p><a href=\"http:\/\/vinasfm.com\/noticias\/wp-content\/uploads\/2022\/05\/82ba0177-dfc0-45ee-a3da-511b6137cd63-e1652964582940.jpg\"><img loading=\"lazy\" decoding=\"async\" class=\"alignnone wp-image-108751 size-medium\" src=\"http:\/\/vinasfm.com\/noticias\/wp-content\/uploads\/2022\/05\/82ba0177-dfc0-45ee-a3da-511b6137cd63-e1652964582940-300x234.jpg\" alt=\"\" width=\"300\" height=\"234\" srcset=\"https:\/\/vinasfm.com\/noticias\/wp-content\/uploads\/2022\/05\/82ba0177-dfc0-45ee-a3da-511b6137cd63-e1652964582940-300x234.jpg 300w, https:\/\/vinasfm.com\/noticias\/wp-content\/uploads\/2022\/05\/82ba0177-dfc0-45ee-a3da-511b6137cd63-e1652964582940.jpg 540w\" sizes=\"auto, (max-width: 300px) 100vw, 300px\" \/><\/a> <a href=\"http:\/\/vinasfm.com\/noticias\/wp-content\/uploads\/2022\/05\/d6d08bb7-5e73-4797-abda-a91689923e60-e1652964602120.jpg\"><img loading=\"lazy\" decoding=\"async\" class=\"alignnone wp-image-108752 \" src=\"http:\/\/vinasfm.com\/noticias\/wp-content\/uploads\/2022\/05\/d6d08bb7-5e73-4797-abda-a91689923e60-e1652964602120-300x256.jpg\" alt=\"\" width=\"273\" height=\"233\" srcset=\"https:\/\/vinasfm.com\/noticias\/wp-content\/uploads\/2022\/05\/d6d08bb7-5e73-4797-abda-a91689923e60-e1652964602120-300x256.jpg 300w, https:\/\/vinasfm.com\/noticias\/wp-content\/uploads\/2022\/05\/d6d08bb7-5e73-4797-abda-a91689923e60-e1652964602120.jpg 540w\" sizes=\"auto, (max-width: 273px) 100vw, 273px\" \/><\/a><\/p>\n","protected":false},"excerpt":{"rendered":"<p>En horas de la ma\u00f1ana de este mi\u00e9rcoles una camioneta perteneciente el destacamento de Punta del Agua protagoniz\u00f3 un incidente vial &#8230;<\/p>\n","protected":false},"author":8,"featured_media":108741,"comment_status":"open","ping_status":"open","sticky":false,"template":"","format":"standard","meta":{"footnotes":""},"categories":[5,4],"tags":[],"class_list":["post-108740","post","type-post","status-publish","format-standard","has-post-thumbnail","hentry","category-actualidad","category-policiales"],"_links":{"self":[{"href":"https:\/\/vinasfm.com\/noticias\/wp-json\/wp\/v2\/posts\/108740","targetHints":{"allow":["GET"]}}],"collection":[{"href":"https:\/\/vinasfm.com\/noticias\/wp-json\/wp\/v2\/posts"}],"about":[{"href":"https:\/\/vinasfm.com\/noticias\/wp-json\/wp\/v2\/types\/post"}],"author":[{"embeddable":true,"href":"https:\/\/vinasfm.com\/noticias\/wp-json\/wp\/v2\/users\/8"}],"replies":[{"embeddable":true,"href":"https:\/\/vinasfm.com\/noticias\/wp-json\/wp\/v2\/comments?post=108740"}],"version-history":[{"count":6,"href":"https:\/\/vinasfm.com\/noticias\/wp-json\/wp\/v2\/posts\/108740\/revisions"}],"predecessor-version":[{"id":108796,"href":"https:\/\/vinasfm.com\/noticias\/wp-json\/wp\/v2\/posts\/108740\/revisions\/108796"}],"wp:featuredmedia":[{"embeddable":true,"href":"https:\/\/vinasfm.com\/noticias\/wp-json\/wp\/v2\/media\/108741"}],"wp:attachment":[{"href":"https:\/\/vinasfm.com\/noticias\/wp-json\/wp\/v2\/media?parent=108740"}],"wp:term":[{"taxonomy":"category","embeddable":true,"href":"https:\/\/vinasfm.com\/noticias\/wp-json\/wp\/v2\/categories?post=108740"},{"taxonomy":"post_tag","embeddable":true,"href":"https:\/\/vinasfm.com\/noticias\/wp-json\/wp\/v2\/tags?post=108740"}],"curies":[{"name":"wp","href":"https:\/\/api.w.org\/{rel}","templated":true}]}}