{"id":108738,"date":"2022-05-19T09:00:23","date_gmt":"2022-05-19T12:00:23","guid":{"rendered":"http:\/\/vinasfm.com\/noticias\/?p=108738"},"modified":"2022-05-19T09:00:23","modified_gmt":"2022-05-19T12:00:23","slug":"reabren-el-censo-digital-para-que-quienes-no-fueron-censados-puedan-cargar-sus-datos","status":"publish","type":"post","link":"https:\/\/vinasfm.com\/noticias\/reabren-el-censo-digital-para-que-quienes-no-fueron-censados-puedan-cargar-sus-datos\/","title":{"rendered":"REABREN EL CENSO DIGITAL PARA QUE QUIENES NO FUERON CENSADOS PUEDAN CARGAR SUS DATOS"},"content":{"rendered":"<h4><span style=\"color: #000000;\"><strong>Debido a los reclamos de ciudadanos que aseguraban que no fueron censados durante el operativo nacional de este mi\u00e9rcoles, el titular del Indec, Marco Lavagna, anunci\u00f3 que se vuelve a abrir la p\u00e1gina <a href=\"http:\/\/www.censo.gob.ar\">www.censo.gob.ar<\/a> para que las personas que no fueron censadas puedan hacerlo v\u00eda digital.<\/strong><\/span><\/h4>\n<p><span style=\"color: #000000;\">\u00ab<strong><em>De acuerdo a la planificaci\u00f3n acordada en el Sistema Estad\u00edstico Nacional, desde 19 y hasta el 22 de mayo pr\u00f3ximo se realizar\u00e1 la etapa de recuperaci\u00f3n para que toda la poblaci\u00f3n quede correctamente contabilizada<\/em><\/strong>\u00ab, inform\u00f3 esta tarde el Indec.<\/span><\/p>\n<p><span style=\"color: #000000;\">\u201c<strong><em>Hemos recibido llamados y algunos mails, y atenderemos las viviendas que quedaron sin censar, que son una porci\u00f3n muy chica<\/em><\/strong>\u201d, se\u00f1al\u00f3 el funcionario, y agreg\u00f3: \u201c<strong><em>Los que hicieron el censo digital, los datos los tenemos. Los tomamos como v\u00e1lidos y los vamos a estar utilizando<\/em><\/strong>\u201d, sostuvo.<\/span><\/p>\n<p><span style=\"color: #000000;\">A partir de este jueves, <strong>se rehabilita la posibilidad de hacer el censo digital para quienes no fueron visitados por los encuestadores<\/strong>. Lavagna indic\u00f3 que dedicar\u00e1n una semana a concluir este relevamiento.<\/span><\/p>\n<p><span style=\"color: #000000;\">Luego de una jornada censal con amplia participaci\u00f3n de la poblaci\u00f3n, que comenz\u00f3 a las 8 y concluy\u00f3 a las 18, el Indec inform\u00f3 cu\u00e1l ser\u00e1 el procedimiento que deber\u00e1 ser cumplimentado en aquellos casos en que no se recibi\u00f3 la visita domiciliaria de un censista y no se hab\u00eda completado el relevamiento de modo digital.<\/span><\/p>\n<p><span style=\"color: #000000;\">Quienes env\u00eden un e-mail a <a href=\"mailto:censo@indec.gob.ar\"><strong>censo@indec.gob.ar<\/strong><\/a> tendr\u00e1n que colocar el asunto \u00abNo fui censado\/a\u00bb. Y en el cuerpo del correo deber\u00e1n consignar:<\/span><\/p>\n<p><span style=\"color: #000000;\">&#8211; Nombre y apellido<\/span><\/p>\n<p><span style=\"color: #000000;\">&#8211; Provincia<\/span><\/p>\n<p><span style=\"color: #000000;\">&#8211; Partido\/Departamento<\/span><\/p>\n<p><span style=\"color: #000000;\">&#8211; Localidad<\/span><\/p>\n<p><span style=\"color: #000000;\">&#8211; Calle<\/span><\/p>\n<p><span style=\"color: #000000;\">&#8211; N\u00famero<\/span><\/p>\n<p><span style=\"color: #000000;\">&#8211; Piso y departamento (si es propiedad horizontal)<\/span><\/p>\n<p><span style=\"color: #000000;\">&#8211; Correo electr\u00f3nico<\/span><\/p>\n<p><span style=\"color: #000000;\">&#8211; Tel\u00e9fono de contacto (incluir c\u00f3digo de \u00e1rea, y si es fijo o celular)<\/span><\/p>\n<p><span style=\"color: #000000;\">Tambi\u00e9n estar\u00e1n habilitados el correo electr\u00f3nico <a href=\"mailto:censo@indec.gob.ar\"><strong>censo@indec.gob.ar<\/strong><\/a> y el tel\u00e9fono gratuito nacional <strong>0800-345-2022<\/strong> para que vuelvan a ser visitadas.<\/span><\/p>\n","protected":false},"excerpt":{"rendered":"<p>Debido a los reclamos de ciudadanos que aseguraban que no fueron censados durante el operativo nacional de este mi\u00e9rcoles, el titular &#8230;<\/p>\n","protected":false},"author":8,"featured_media":104982,"comment_status":"open","ping_status":"open","sticky":false,"template":"","format":"standard","meta":{"footnotes":""},"categories":[5,10],"tags":[],"class_list":["post-108738","post","type-post","status-publish","format-standard","has-post-thumbnail","hentry","category-actualidad","category-destacadas"],"_links":{"self":[{"href":"https:\/\/vinasfm.com\/noticias\/wp-json\/wp\/v2\/posts\/108738","targetHints":{"allow":["GET"]}}],"collection":[{"href":"https:\/\/vinasfm.com\/noticias\/wp-json\/wp\/v2\/posts"}],"about":[{"href":"https:\/\/vinasfm.com\/noticias\/wp-json\/wp\/v2\/types\/post"}],"author":[{"embeddable":true,"href":"https:\/\/vinasfm.com\/noticias\/wp-json\/wp\/v2\/users\/8"}],"replies":[{"embeddable":true,"href":"https:\/\/vinasfm.com\/noticias\/wp-json\/wp\/v2\/comments?post=108738"}],"version-history":[{"count":1,"href":"https:\/\/vinasfm.com\/noticias\/wp-json\/wp\/v2\/posts\/108738\/revisions"}],"predecessor-version":[{"id":108739,"href":"https:\/\/vinasfm.com\/noticias\/wp-json\/wp\/v2\/posts\/108738\/revisions\/108739"}],"wp:featuredmedia":[{"embeddable":true,"href":"https:\/\/vinasfm.com\/noticias\/wp-json\/wp\/v2\/media\/104982"}],"wp:attachment":[{"href":"https:\/\/vinasfm.com\/noticias\/wp-json\/wp\/v2\/media?parent=108738"}],"wp:term":[{"taxonomy":"category","embeddable":true,"href":"https:\/\/vinasfm.com\/noticias\/wp-json\/wp\/v2\/categories?post=108738"},{"taxonomy":"post_tag","embeddable":true,"href":"https:\/\/vinasfm.com\/noticias\/wp-json\/wp\/v2\/tags?post=108738"}],"curies":[{"name":"wp","href":"https:\/\/api.w.org\/{rel}","templated":true}]}}