{"id":108731,"date":"2022-05-19T09:16:00","date_gmt":"2022-05-19T12:16:00","guid":{"rendered":"http:\/\/vinasfm.com\/noticias\/?p=108731"},"modified":"2022-05-19T10:20:51","modified_gmt":"2022-05-19T13:20:51","slug":"dia-mundial-del-reciclaje-se-realizaron-actividades-para-conmemorar-su-dia","status":"publish","type":"post","link":"https:\/\/vinasfm.com\/noticias\/dia-mundial-del-reciclaje-se-realizaron-actividades-para-conmemorar-su-dia\/","title":{"rendered":"D\u00cdA MUNDIAL DEL RECICLAJE: SE REALIZARON ACTIVIDADES EN ALVEAR PARA CONMEMORAR SU D\u00cdA"},"content":{"rendered":"<p><strong>El pasado martes 17 de mayo se conmemoro el d\u00eda mundial del reciclaje donde se realizaron diferentes actividades y talleres\u00a0<\/strong><\/p>\n<p>Se desarrollaron una serie de actividades que involucran al reciclaje en la plaza del barrio Rio Atuel, el encuentro fue realizado con chicos de diferentes edades donde el objetivo siempre es intentar involucrar a todos estos a que concienticen sobre estos temas que son tan importantes para el mundo.<\/p>\n<p>Daniel Quiles (Asesor de la juventud) detall\u00f3 todo lo que se realizo<strong> \u00abJunto con el equipo educativo de gesti\u00f3n ambiental se buscaba visitar los espacios verdes donde se desarrollaron m\u00faltiples-actividades. Con Gabriel Gonzales se pinto un mural en el barrio Rio Atuel con la idea de dejar plasmado siempre algo importante en este caso el tema central fue el reciclaje.\u00bb<\/strong>\u00a0 Adem\u00e1s se llevo adelante un taller de reciclado y reutilizaci\u00f3n de materiales, y el equipo de gesti\u00f3n ambiental se encargo del eco-canje.<\/p>\n<p>L.L<\/p>\n<p>&nbsp;<\/p>\n","protected":false},"excerpt":{"rendered":"<p>El pasado martes 17 de mayo se conmemoro el d\u00eda mundial del reciclaje donde se realizaron diferentes actividades y talleres\u00a0 Se &#8230;<\/p>\n","protected":false},"author":7,"featured_media":108742,"comment_status":"open","ping_status":"open","sticky":false,"template":"","format":"standard","meta":{"footnotes":""},"categories":[5,34],"tags":[],"class_list":["post-108731","post","type-post","status-publish","format-standard","has-post-thumbnail","hentry","category-actualidad","category-medio-ambiente"],"_links":{"self":[{"href":"https:\/\/vinasfm.com\/noticias\/wp-json\/wp\/v2\/posts\/108731","targetHints":{"allow":["GET"]}}],"collection":[{"href":"https:\/\/vinasfm.com\/noticias\/wp-json\/wp\/v2\/posts"}],"about":[{"href":"https:\/\/vinasfm.com\/noticias\/wp-json\/wp\/v2\/types\/post"}],"author":[{"embeddable":true,"href":"https:\/\/vinasfm.com\/noticias\/wp-json\/wp\/v2\/users\/7"}],"replies":[{"embeddable":true,"href":"https:\/\/vinasfm.com\/noticias\/wp-json\/wp\/v2\/comments?post=108731"}],"version-history":[{"count":2,"href":"https:\/\/vinasfm.com\/noticias\/wp-json\/wp\/v2\/posts\/108731\/revisions"}],"predecessor-version":[{"id":108760,"href":"https:\/\/vinasfm.com\/noticias\/wp-json\/wp\/v2\/posts\/108731\/revisions\/108760"}],"wp:featuredmedia":[{"embeddable":true,"href":"https:\/\/vinasfm.com\/noticias\/wp-json\/wp\/v2\/media\/108742"}],"wp:attachment":[{"href":"https:\/\/vinasfm.com\/noticias\/wp-json\/wp\/v2\/media?parent=108731"}],"wp:term":[{"taxonomy":"category","embeddable":true,"href":"https:\/\/vinasfm.com\/noticias\/wp-json\/wp\/v2\/categories?post=108731"},{"taxonomy":"post_tag","embeddable":true,"href":"https:\/\/vinasfm.com\/noticias\/wp-json\/wp\/v2\/tags?post=108731"}],"curies":[{"name":"wp","href":"https:\/\/api.w.org\/{rel}","templated":true}]}}