{"id":108728,"date":"2022-05-19T23:59:07","date_gmt":"2022-05-20T02:59:07","guid":{"rendered":"http:\/\/vinasfm.com\/noticias\/?p=108728"},"modified":"2022-05-21T10:23:54","modified_gmt":"2022-05-21T13:23:54","slug":"anunciaron-nuevas-obras-de-viviendas-que-traeran-soluciones-habitacionales-al-departamento","status":"publish","type":"post","link":"https:\/\/vinasfm.com\/noticias\/anunciaron-nuevas-obras-de-viviendas-que-traeran-soluciones-habitacionales-al-departamento\/","title":{"rendered":"ANUNCIARON NUEVAS OBRAS DE VIVIENDAS QUE TRAER\u00c1N SOLUCIONES HABITACIONALES AL DEPARTAMENTO"},"content":{"rendered":"<h4><span style=\"color: #000000;\"><strong>El Intendente Walther Marcolini y el Director de Vivienda Fabi\u00e1n Gim\u00e9nez, brindaron detalles sobre el inicio de obra de los Barrios El Nevado III (29 viviendas) y El Juncalito (25 viviendas), adem\u00e1s del llamado a licitaci\u00f3n del Barrio Luz y Fuerza (16 viviendas), y sobre la aprobaci\u00f3n para realizar otros 62 programas \u201cMejoro mi Casa\u201d del IPV.<\/strong><\/span><\/h4>\n<p><span style=\"color: #000000;\">Con la premisa de brindar soluciones habitacionales para el departamento, es que se trabaja incansablemente en la licitaci\u00f3n y construcci\u00f3n de barrios, en este marco es que aparecen los <strong>Barrios El Nevado III (29 viviendas) y El Juncalito (25 viviendas)<\/strong>, adem\u00e1s del llamado a licitaci\u00f3n del <strong>Barrio Luz y Fuerza (16 viviendas)<\/strong>, y sobre la aprobaci\u00f3n para realizar otros 62 programas \u201c<strong><em>Mejoro mi Casa<\/em><\/strong>\u201d del IPV. <\/span><\/p>\n<p><span style=\"color: #000000;\">Sobre esto, el Jefe Comunal asegur\u00f3 que: \u201c<strong><em>Este es el momento de empezar a ver los resultados, cost\u00f3 mucho urbanizar y ahora tenemos muchas viviendas en ejecuci\u00f3n, a las 29 casas del Barrio El Nevado III, se suman 25 del barrio El Juncalito, pero hay otros proyectos en marcha, que completar\u00edan 150 viviendas m\u00e1s, si se agrega lo del fideicomiso Vi\u00f1as del Oeste, son otras 20 casas m\u00e1s, y esto hay que tomarlo en t\u00e9rminos de respuestas a las familias que necesitas vivienda, generaci\u00f3n de puestos de trabajo y en funci\u00f3n de inversi\u00f3n para el departamento, ya que es un n\u00famero muy significativo<\/em><\/strong>\u201d.<\/span><\/p>\n<p><span style=\"color: #000000;\">El Director de Vivienda Fabi\u00e1n Gim\u00e9nez se explay\u00f3 acerca de la construcci\u00f3n de estas obras: \u201c<strong><em>En el caso del Barrio El Nevado III, son 29 viviendas y se est\u00e1 haciendo el movimiento de suelo, a valores de octubre del a\u00f1o pasado se licit\u00f3 por 156 millones de pesos con un plazo de 10 meses de obra<\/em><\/strong>\u201d.<\/span><\/p>\n<p><span style=\"color: #000000;\">El funcionario destac\u00f3 que se va a comenzar con la ampliaci\u00f3n de 62 viviendas a trav\u00e9s del Programa \u201c<strong><em>Mejoro mi Casa<\/em><\/strong>\u201d, que se suman a las 100 que ya est\u00e1n en ejecuci\u00f3n: \u201c<strong><em>Estamos muy contentos porque se mejora la calidad de la vivienda a familias que est\u00e1n hacinadas o tienen viviendas en mal estado<\/em><\/strong>\u201d.<\/span><\/p>\n<p><span style=\"color: #000000;\">Por otro lado, es de destacar que en unos 20 d\u00edas se firmar\u00e1 el inicio de obra del barrio El Juncalito, ubicado en Diagonal Jorge Sim\u00f3n, que consta de 25 viviendas. Tambi\u00e9n se va a licitar el barrio Luz y Fuerza, ubicado en calle 5, y consta de 16 viviendas. Actualmente est\u00e1 en obra el barrio Malvinas, y se espera entregar en breve el barrio Don Valent\u00edn: \u201c<strong><em>Tenemos muy buena proyecci\u00f3n para este 2022<\/em><\/strong>\u201d asegur\u00f3 Gim\u00e9nez.<\/span><\/p>\n","protected":false},"excerpt":{"rendered":"<p>El Intendente Walther Marcolini y el Director de Vivienda Fabi\u00e1n Gim\u00e9nez, brindaron detalles sobre el inicio de obra de los Barrios &#8230;<\/p>\n","protected":false},"author":8,"featured_media":108729,"comment_status":"open","ping_status":"open","sticky":false,"template":"","format":"standard","meta":{"footnotes":""},"categories":[5,29],"tags":[],"class_list":["post-108728","post","type-post","status-publish","format-standard","has-post-thumbnail","hentry","category-actualidad","category-obras-y-servicios"],"_links":{"self":[{"href":"https:\/\/vinasfm.com\/noticias\/wp-json\/wp\/v2\/posts\/108728","targetHints":{"allow":["GET"]}}],"collection":[{"href":"https:\/\/vinasfm.com\/noticias\/wp-json\/wp\/v2\/posts"}],"about":[{"href":"https:\/\/vinasfm.com\/noticias\/wp-json\/wp\/v2\/types\/post"}],"author":[{"embeddable":true,"href":"https:\/\/vinasfm.com\/noticias\/wp-json\/wp\/v2\/users\/8"}],"replies":[{"embeddable":true,"href":"https:\/\/vinasfm.com\/noticias\/wp-json\/wp\/v2\/comments?post=108728"}],"version-history":[{"count":1,"href":"https:\/\/vinasfm.com\/noticias\/wp-json\/wp\/v2\/posts\/108728\/revisions"}],"predecessor-version":[{"id":108730,"href":"https:\/\/vinasfm.com\/noticias\/wp-json\/wp\/v2\/posts\/108728\/revisions\/108730"}],"wp:featuredmedia":[{"embeddable":true,"href":"https:\/\/vinasfm.com\/noticias\/wp-json\/wp\/v2\/media\/108729"}],"wp:attachment":[{"href":"https:\/\/vinasfm.com\/noticias\/wp-json\/wp\/v2\/media?parent=108728"}],"wp:term":[{"taxonomy":"category","embeddable":true,"href":"https:\/\/vinasfm.com\/noticias\/wp-json\/wp\/v2\/categories?post=108728"},{"taxonomy":"post_tag","embeddable":true,"href":"https:\/\/vinasfm.com\/noticias\/wp-json\/wp\/v2\/tags?post=108728"}],"curies":[{"name":"wp","href":"https:\/\/api.w.org\/{rel}","templated":true}]}}