{"id":108725,"date":"2022-05-19T23:59:57","date_gmt":"2022-05-20T02:59:57","guid":{"rendered":"http:\/\/vinasfm.com\/noticias\/?p=108725"},"modified":"2022-05-20T10:38:05","modified_gmt":"2022-05-20T13:38:05","slug":"productores-e-inspectores-locales-expresaron-su-disconformidad-para-con-la-digitalizacion-del-rut","status":"publish","type":"post","link":"https:\/\/vinasfm.com\/noticias\/productores-e-inspectores-locales-expresaron-su-disconformidad-para-con-la-digitalizacion-del-rut\/","title":{"rendered":"PRODUCTORES E INSPECTORES LOCALES EXPRESARON SU DISCONFORMIDAD PARA CON LA DIGITALIZACI\u00d3N DEL RUT"},"content":{"rendered":"<h4><span style=\"color: #000000;\"><strong>A principios del mes de mayo comenz\u00f3 a funcionar el Registro de Uso de la Tierra (RUT) de forma digital y los productores tendr\u00e1n tiempo hasta el 31 de mayo para poder empadronarse. La inscripci\u00f3n es obligatoria para todos los productores donde concentrar\u00e1 los datos de las propiedades utilizadas para la producci\u00f3n vit\u00edcola, frut\u00edcola, hort\u00edcola o forrajera.<\/strong><\/span><\/h4>\n<p><span style=\"color: #000000;\">Desde la <strong>Federaci\u00f3n Agraria de Bowen<\/strong>, en conjunto con varios productores, buscan y piden <strong>mediante una misiva enviada al Gobierno Provincial que tenga consideraci\u00f3n<\/strong> para que los productores puedan ponerse al d\u00eda con los pagos, con la titularidad de las tierras y los pozos de riego.<\/span><\/p>\n<p><span style=\"color: #000000;\">En di\u00e1logo con <strong>F.M. VI\u00d1AS, Rub\u00e9n Ojcius<\/strong> miembro de la entidad, expres\u00f3: <em><strong>&#8216;Creo que el gobierno tendr\u00eda que darle una mano a los productores para regular sus titularidades ya hay algunos que van por la tercera generaci\u00f3n sin papeles y le hemos pedido que el gobierno ayude, acompa\u00f1e a realizar las escrituras a los titulares actualmente, dicen que es imposible&#8217;<\/strong><\/em>.<\/span><\/p>\n<p><b style=\"color: #000000;\">Este jueves se <\/b><span style=\"color: #000000;\"><b>elev\u00f3<\/b><\/span><b style=\"color: #000000;\"> un pedido al Gobernador de la provincia Rodolfo Suarez, desde la Federaci\u00f3n Agraria Argentina P.O.S,\u00a0 inspectores de Irrigaci\u00f3n y productores autoconvocados, &#8216;RECHANZAMOS LA IMPLEMENTACI\u00d3N DEL RUT-SIA&#8217;, por diferentes inconvenientes que se han presentado a la hora de realizarlo.\u00a0<\/b><\/p>\n<p><span style=\"color: #000000;\"><em><b>&#8216;<\/b><span style=\"color: #000000;\"><b>Ten\u00e9s<\/b><\/span><b> que estar al d\u00eda con los pozos de riesgo, y hay finca que est\u00e1n con los pozos que se hicieron las donaciones y nunca se hicieron el desglose de la finca, ojala se reviertan esto y\u00a0 que nos den una mano queremos estar al d\u00eda&#8217;<\/b><\/em><span style=\"color: #000000;\">, se\u00f1al\u00f3. Los inconvenientes son la problem\u00e1tica con la titularidad de las tierras, por herencia, terrenos del ferrocarril, tierras fiscales, etc.\u00a0\u00a0<\/span><\/span><\/p>\n<h5><span style=\"color: #000000;\">PEDIDO ELEVADO AL GOBIERNO DE LA PROVINCIA DE MENDOZA\u00a0<\/span><\/h5>\n<p><span style=\"color: #000000;\">Sr. Gobernador de Mendoza<\/span><\/p>\n<div dir=\"auto\"><span style=\"color: #000000;\">Dr. Rodolfo Su\u00e1rez.<\/span><\/div>\n<div dir=\"auto\"><\/div>\n<div dir=\"auto\"><span style=\"color: #000000;\">De nuestra consideraci\u00f3n:<\/span><\/div>\n<div dir=\"auto\"><span style=\"color: #000000;\">Los abajo firmantes en representaci\u00f3n de las entidades Federaci\u00f3n Agraria Argentina P.O.S. Inspectores de Irrigaci\u00f3n y productores autoconvocados \u00abRECHAZAMOS LA IMPLEMENTACI\u00d3N DEL RUT &#8211; SIA\u00bb y exigimos la puesta en vigencia del Sistema 2021: de manera inmediata.<\/span><\/div>\n<div dir=\"auto\"><span style=\"color: #000000;\">Motiva el rechazo un sinn\u00famero de inconvenientes como son la problem\u00e1tica de titularidad de la tierra; por herencia, por terrenos del ferrocarril, por tierra de colonia de Real del Padre, tierras fiscales, etc.\u00a0<\/span><\/div>\n<div dir=\"auto\"><span style=\"color: #000000;\">En espera de una respuesta favorable de lo solicitado, los convocamos a reuni\u00f3n con los productores de las entidades firmantes de la zona sur..\u00a0<\/span><\/div>\n<div dir=\"auto\"><\/div>\n<div dir=\"auto\"><\/div>\n<div dir=\"auto\"><span style=\"color: #000000;\">Firmantes<\/span><\/div>\n<div dir=\"auto\"><\/div>\n<div dir=\"auto\"><span style=\"color: #000000;\">An\u00edbal Luna &#8211; P.O.S\u00a0 \u00a0 \u00a0 \u00a0 \u00a0 \u00a0 \u00a0 \u00a0 \u00a0 \u00a0 \u00a0 \u00a0 \u00a0 \u00a0 \u00a0 \u00a0 \u00a0 \u00a0 \u00a0 \u00a0 Carlos Achetoni &#8211; F.A.A\u00a0 \u00a0 \u00a0 \u00a0 \u00a0 \u00a0 \u00a0 \u00a0 \u00a0 \u00a0 \u00a0 \u00a0 \u00a0 \u00a0 \u00a0Javier L\u00f3pez &#8211; Inspector.<\/span><\/div>\n<p><span style=\"color: #000000;\">\u2022C.F.<\/span><\/p>\n","protected":false},"excerpt":{"rendered":"<p>A principios del mes de mayo comenz\u00f3 a funcionar el Registro de Uso de la Tierra (RUT) de forma digital y &#8230;<\/p>\n","protected":false},"author":7,"featured_media":3894,"comment_status":"open","ping_status":"open","sticky":false,"template":"","format":"standard","meta":{"footnotes":""},"categories":[5,14],"tags":[],"class_list":["post-108725","post","type-post","status-publish","format-standard","has-post-thumbnail","hentry","category-actualidad","category-agro"],"_links":{"self":[{"href":"https:\/\/vinasfm.com\/noticias\/wp-json\/wp\/v2\/posts\/108725","targetHints":{"allow":["GET"]}}],"collection":[{"href":"https:\/\/vinasfm.com\/noticias\/wp-json\/wp\/v2\/posts"}],"about":[{"href":"https:\/\/vinasfm.com\/noticias\/wp-json\/wp\/v2\/types\/post"}],"author":[{"embeddable":true,"href":"https:\/\/vinasfm.com\/noticias\/wp-json\/wp\/v2\/users\/7"}],"replies":[{"embeddable":true,"href":"https:\/\/vinasfm.com\/noticias\/wp-json\/wp\/v2\/comments?post=108725"}],"version-history":[{"count":12,"href":"https:\/\/vinasfm.com\/noticias\/wp-json\/wp\/v2\/posts\/108725\/revisions"}],"predecessor-version":[{"id":108798,"href":"https:\/\/vinasfm.com\/noticias\/wp-json\/wp\/v2\/posts\/108725\/revisions\/108798"}],"wp:featuredmedia":[{"embeddable":true,"href":"https:\/\/vinasfm.com\/noticias\/wp-json\/wp\/v2\/media\/3894"}],"wp:attachment":[{"href":"https:\/\/vinasfm.com\/noticias\/wp-json\/wp\/v2\/media?parent=108725"}],"wp:term":[{"taxonomy":"category","embeddable":true,"href":"https:\/\/vinasfm.com\/noticias\/wp-json\/wp\/v2\/categories?post=108725"},{"taxonomy":"post_tag","embeddable":true,"href":"https:\/\/vinasfm.com\/noticias\/wp-json\/wp\/v2\/tags?post=108725"}],"curies":[{"name":"wp","href":"https:\/\/api.w.org\/{rel}","templated":true}]}}