{"id":108724,"date":"2022-05-19T23:59:23","date_gmt":"2022-05-20T02:59:23","guid":{"rendered":"http:\/\/vinasfm.com\/noticias\/?p=108724"},"modified":"2022-05-20T09:58:07","modified_gmt":"2022-05-20T12:58:07","slug":"alvear-trabaja-en-consonancia-con-redes-a-nivel-nacional-e-internacional","status":"publish","type":"post","link":"https:\/\/vinasfm.com\/noticias\/alvear-trabaja-en-consonancia-con-redes-a-nivel-nacional-e-internacional\/","title":{"rendered":"ALVEAR TRABAJA EN CONSONANCIA CON REDES A NIVEL NACIONAL E INTERNACIONAL"},"content":{"rendered":"<h4><span style=\"color: #000000;\"><strong>Carina Lucero, Coordinadora de Cooperaci\u00f3n Internacional, di\u00f3 detalles sobre las misiones de las cuales participar\u00e1 General Alvear, como lo son la Reuni\u00f3n de la Red Argentina de Ciudades Educadoras, las Jornadas de Inmersi\u00f3n Educativa, en San Justo (Santa Fe), y el evento Sustainable Development Goals, Inspiration for Youth Enterprenership.<\/strong><\/span><\/h4>\n<p><span style=\"color: #000000;\">La Coordinadora de Cooperaci\u00f3n Internacional se refiri\u00f3 a estas tres grandes acciones que se llevan adelante desde la Comuna, una de esas tiene que ver con la Reuni\u00f3n de la Red Argentina de Ciudades Educadoras: \u201c<strong><em>Somos 32 ciudades, y vamos a trabajar en pol\u00edticas de cuidado enfocadas en educaci\u00f3n y primera infancia, compartiendo lo que se hace en el departamento y buscando alianzas para muchos de los proyectos en ejecuci\u00f3n<\/em><\/strong>\u201d explic\u00f3. <\/span><\/p>\n<p><span style=\"color: #000000;\">Asimismo, el domingo en la madrugada comenzar\u00e1 el primer viaje de inmersi\u00f3n, en un viaje articulado con la Ciudad de San Justo(Santa Fe), con la particularidad de ser un trabajo de tres d\u00edas de involucramiento de las docentes y directoras de los jardines municipales, en un lugar que es pionero en este tipo de acciones.<\/span><\/p>\n<p><span style=\"color: #000000;\">En cuanto al programa <strong>ERASMUS (Sustainable Development Goals, Inspiration for Youth Enterprenership)<\/strong> que tiene que ver con un entrenamiento para generar empleo sustentable en las ciudades, fue seleccionado por la RAMCC, el Director de Gesti\u00f3n Ambiental Rainero Catterbetti junto a otro funcionario de Rosario, para viajar a Gdynia (Polonia), donde se realizar\u00e1 el evento.<\/span><\/p>\n<p><span style=\"color: #000000;\">La Directora del JCM 194 Luna de Papel de Carmensa, Ivana Castro, brind\u00f3 m\u00e1s detalles de lo que ser\u00e1 el viaje de inmersi\u00f3n a Santa Fe: \u201c<strong><em>La idea es compartir experiencias, lo estamos esperando con ansias ya que esta ciudad es pionera en pol\u00edticas p\u00fablicas de primera infancia, por lo que va a ser una experiencia inolvidable y \u00fanica para nosotros<\/em><\/strong>\u201d. Es de destacar que ya hubo un primer contacto v\u00eda zoom con el personal de San Justo, para tener una expectativa acerca de c\u00f3mo se trabaja en esa ciudad.<\/span><\/p>\n","protected":false},"excerpt":{"rendered":"<p>Carina Lucero, Coordinadora de Cooperaci\u00f3n Internacional, di\u00f3 detalles sobre las misiones de las cuales participar\u00e1 General Alvear, como lo son la &#8230;<\/p>\n","protected":false},"author":8,"featured_media":108726,"comment_status":"open","ping_status":"open","sticky":false,"template":"","format":"standard","meta":{"footnotes":""},"categories":[5,10],"tags":[],"class_list":["post-108724","post","type-post","status-publish","format-standard","has-post-thumbnail","hentry","category-actualidad","category-destacadas"],"_links":{"self":[{"href":"https:\/\/vinasfm.com\/noticias\/wp-json\/wp\/v2\/posts\/108724","targetHints":{"allow":["GET"]}}],"collection":[{"href":"https:\/\/vinasfm.com\/noticias\/wp-json\/wp\/v2\/posts"}],"about":[{"href":"https:\/\/vinasfm.com\/noticias\/wp-json\/wp\/v2\/types\/post"}],"author":[{"embeddable":true,"href":"https:\/\/vinasfm.com\/noticias\/wp-json\/wp\/v2\/users\/8"}],"replies":[{"embeddable":true,"href":"https:\/\/vinasfm.com\/noticias\/wp-json\/wp\/v2\/comments?post=108724"}],"version-history":[{"count":1,"href":"https:\/\/vinasfm.com\/noticias\/wp-json\/wp\/v2\/posts\/108724\/revisions"}],"predecessor-version":[{"id":108727,"href":"https:\/\/vinasfm.com\/noticias\/wp-json\/wp\/v2\/posts\/108724\/revisions\/108727"}],"wp:featuredmedia":[{"embeddable":true,"href":"https:\/\/vinasfm.com\/noticias\/wp-json\/wp\/v2\/media\/108726"}],"wp:attachment":[{"href":"https:\/\/vinasfm.com\/noticias\/wp-json\/wp\/v2\/media?parent=108724"}],"wp:term":[{"taxonomy":"category","embeddable":true,"href":"https:\/\/vinasfm.com\/noticias\/wp-json\/wp\/v2\/categories?post=108724"},{"taxonomy":"post_tag","embeddable":true,"href":"https:\/\/vinasfm.com\/noticias\/wp-json\/wp\/v2\/tags?post=108724"}],"curies":[{"name":"wp","href":"https:\/\/api.w.org\/{rel}","templated":true}]}}