{"id":108716,"date":"2022-05-17T00:21:15","date_gmt":"2022-05-17T03:21:15","guid":{"rendered":"http:\/\/vinasfm.com\/noticias\/?p=108716"},"modified":"2022-05-17T10:34:57","modified_gmt":"2022-05-17T13:34:57","slug":"paso-pehuenche-prosperan-las-gestiones-para-la-unificacion-aduanera","status":"publish","type":"post","link":"https:\/\/vinasfm.com\/noticias\/paso-pehuenche-prosperan-las-gestiones-para-la-unificacion-aduanera\/","title":{"rendered":"PASO PEHUENCHE: PROSPERAN LAS GESTIONES PARA LA UNIFICACI\u00d3N ADUANERA"},"content":{"rendered":"<h4><strong><span style=\"color: #000000;\">Con la mira puesta en habilitar el transporte de todo tipo de veh\u00edculos a trav\u00e9s del Paso Pehuenche, en el Sur provincial, para convertirlo en un paso alternativo y complementario al Cristo Redentor, funcionarios de dependencias nacionales, provinciales y chilenas mantuvieron productivas reuniones en las que se avanz\u00f3 en la necesidad de unificar el sistema migratorio entre ambos pa\u00edses.<\/span><\/strong><\/h4>\n<p><span style=\"color: #000000;\">Actualmente, el <strong>Paso Internacional Pehuenche<\/strong> est\u00e1 habilitado para carga peligrosa, camiones sin lastre y precintado en origen. Por esto, <strong>el reclamo del Sur mendocino es que se abra de forma total para todo tipo de carga<\/strong>, es decir que se habilite como corredor seguro para transporte de pasajeros y veh\u00edculos particulares.<\/span><\/p>\n<p><span style=\"color: #000000;\">En este marco, <strong>durante el encuentro surgieron tres alternativas para instalar el centro de control de frontera argentino en el campamento Las Loicas<\/strong> o en el l\u00edmite de frontera o bien en la estructura existente en la aduana chilena.<\/span><\/p>\n<p><span style=\"color: #000000;\">\u00ab<strong><em>Dadas las instalaciones, la infraestructura y los servicios, la mejor opci\u00f3n que vimos es trasladar la aduana argentina al sector chileno para que ambas, junto con el Servicio Agr\u00edcola Ganadero (SAG) y el Servicio Nacional de Sanidad y Calidad Agroalimentaria (Senasa) est\u00e9n unificadas<\/em><\/strong>\u00ab, coment\u00f3 \u00c1ngela Gatti, subsecretaria de Planificaci\u00f3n Territorial del Gobierno de Mendoza.<\/span><\/p>\n","protected":false},"excerpt":{"rendered":"<p>Con la mira puesta en habilitar el transporte de todo tipo de veh\u00edculos a trav\u00e9s del Paso Pehuenche, en el Sur &#8230;<\/p>\n","protected":false},"author":8,"featured_media":48095,"comment_status":"open","ping_status":"open","sticky":false,"template":"","format":"standard","meta":{"footnotes":""},"categories":[5,30],"tags":[],"class_list":["post-108716","post","type-post","status-publish","format-standard","has-post-thumbnail","hentry","category-actualidad","category-paso-pehuenche"],"_links":{"self":[{"href":"https:\/\/vinasfm.com\/noticias\/wp-json\/wp\/v2\/posts\/108716","targetHints":{"allow":["GET"]}}],"collection":[{"href":"https:\/\/vinasfm.com\/noticias\/wp-json\/wp\/v2\/posts"}],"about":[{"href":"https:\/\/vinasfm.com\/noticias\/wp-json\/wp\/v2\/types\/post"}],"author":[{"embeddable":true,"href":"https:\/\/vinasfm.com\/noticias\/wp-json\/wp\/v2\/users\/8"}],"replies":[{"embeddable":true,"href":"https:\/\/vinasfm.com\/noticias\/wp-json\/wp\/v2\/comments?post=108716"}],"version-history":[{"count":2,"href":"https:\/\/vinasfm.com\/noticias\/wp-json\/wp\/v2\/posts\/108716\/revisions"}],"predecessor-version":[{"id":108718,"href":"https:\/\/vinasfm.com\/noticias\/wp-json\/wp\/v2\/posts\/108716\/revisions\/108718"}],"wp:featuredmedia":[{"embeddable":true,"href":"https:\/\/vinasfm.com\/noticias\/wp-json\/wp\/v2\/media\/48095"}],"wp:attachment":[{"href":"https:\/\/vinasfm.com\/noticias\/wp-json\/wp\/v2\/media?parent=108716"}],"wp:term":[{"taxonomy":"category","embeddable":true,"href":"https:\/\/vinasfm.com\/noticias\/wp-json\/wp\/v2\/categories?post=108716"},{"taxonomy":"post_tag","embeddable":true,"href":"https:\/\/vinasfm.com\/noticias\/wp-json\/wp\/v2\/tags?post=108716"}],"curies":[{"name":"wp","href":"https:\/\/api.w.org\/{rel}","templated":true}]}}