{"id":108714,"date":"2022-05-17T10:21:00","date_gmt":"2022-05-17T13:21:00","guid":{"rendered":"http:\/\/vinasfm.com\/noticias\/?p=108714"},"modified":"2022-05-17T10:52:10","modified_gmt":"2022-05-17T13:52:10","slug":"proponen-crear-un-banco-provincial-como-herramienta-de-credito-destinado-a-la-produccion","status":"publish","type":"post","link":"https:\/\/vinasfm.com\/noticias\/proponen-crear-un-banco-provincial-como-herramienta-de-credito-destinado-a-la-produccion\/","title":{"rendered":"PROPONEN CREAR UN BANCO PROVINCIAL COMO HERRAMIENTA DE CR\u00c9DITO DESTINADO A LA PRODUCCI\u00d3N"},"content":{"rendered":"<h4><span style=\"color: #000000;\"><strong>Por estos d\u00edas se conoci\u00f3 una propuesta de un economista, asesor del justicialismo local, que propone la creaci\u00f3n de un banco provincial. Su nombre es Nicol\u00e1s Aroma.<\/strong><\/span><\/h4>\n<p><span style=\"color: #000000;\">\u201c<em>La propuesta surge como resultado de analizar los cr\u00e9ditos que hoy otorga la Provincia de Mendoza. Mirando los n\u00fameros que maneja el Fondo para la Transformaci\u00f3n y el Crecimiento, que tiene hoy como herramienta de cr\u00e9dito la Provincia, vemos que se hace incomparable con el resto de las provincias por el nivel de cr\u00e9ditos que se manejan hacia el sector privado, y contrast\u00e1ndolo con los \u00edndices de generaci\u00f3n de empleo registrado que tiene Mendoza, creo que deber\u00edamos poner en discusi\u00f3n qu\u00e9 pasa con la matriz financiera de la provincia que, repito, no es comparable con otros estados provinciales, teniendo en cuenta el potencial que tiene Mendoza<\/em>\u201d, manifest\u00f3.<\/span><\/p>\n<p><span style=\"color: #000000;\">La historia ha demostrado que la gesti\u00f3n de los bancos p\u00fablicos de la Provincia no ha sido buena y, en virtud de esto, le preguntamos a Aroma si las fondos de los que habla no ser\u00eda mejor canalizarlos totalmente por el Fondo para la Transformaci\u00f3n. &#8216;<em>Quiero aclarar dos temas. Respecto a la discusi\u00f3n que significan para Mendoza los bancos p\u00fablicos y la manera en que terminaron, es v\u00e1lida la misma discusi\u00f3n que para el Estado nacional. Los desmanejos y corrupci\u00f3n del sector p\u00fablico y privado de esos momentos no deben invalidar una herramienta que es la que permite el desarrollo de casi la totalidad de las provincias del pa\u00eds, y tambi\u00e9n en muchas regiones de los pa\u00edses m\u00e1s importantes del mundo<\/em>&#8216;, agreg\u00f3.<\/span><\/p>\n<p><span style=\"color: #000000;\">En este sentido sostuvo: &#8216;<em>Creo que invalidar totalmente la herramienta por lo que ha pasado es m\u00e1s c\u00f3modo, pero es una discusi\u00f3n que hay que dar, porque si no tambi\u00e9n podr\u00edamos decir qu\u00e9 es lo que pasa con el Estado y su funcionamiento, pero creo que esa discusi\u00f3n de est\u00e1 dando. Algo que nos podr\u00edamos preguntar es por qu\u00e9 no capitalizamos m\u00e1s el Fondo de la Transformaci\u00f3n<\/em>&#8216;.<\/span><\/p>\n<p><span style=\"color: #000000;\">&#8216;<em>Mi respuesta es que es cuestionable porque es solamente una herramienta presupuestaria. Pero cuando el presupuesto flaquea, el Fondo para la Transformaci\u00f3n se anula, mientras que el sistema de cr\u00e9dito es una herramienta de creaci\u00f3n de dinero, o sea, lo que se deposita en un banco se capitaliza y lo que se deposita se expande en cr\u00e9dito, pero no se pierde. El otro aspecto para considerar es que los bancos actuales son diferentes a los de los ochenta y noventa; hoy funcionan con mucha menos gente y ediliciamente la infraestructura tambi\u00e9n es menor<\/em>&#8216;, resalt\u00f3 el economista.<\/span><\/p>\n<p><span style=\"color: #000000;\">Para capitalizar un banco, y poder crearlo, Aroma estima que &#8216;<em>habr\u00eda que hacer un estudio, pero 400 o 500 millones de d\u00f3lares ser\u00edan suficientes. El Fondo para la Transformaci\u00f3n ha prestado en seis a\u00f1os 2.500 millones de pesos, que no es comparable a las cifras de ning\u00fan banco provincial, ni siquiera en un a\u00f1o. Por ejemplo, el Banco de C\u00f3rdoba prest\u00f3 en un a\u00f1o 300 mil millones de pesos, eso fue el a\u00f1o pasado. Creo que poner en consideraci\u00f3n cualquier monto de aporte mediante un sistema bancario significar\u00eda un importante cambio para la provincia&#8217;<\/em>.<\/span><\/p>\n<h5><span style=\"color: #000000;\">Fuente: Diario San Rafael.<\/span><\/h5>\n","protected":false},"excerpt":{"rendered":"<p>Por estos d\u00edas se conoci\u00f3 una propuesta de un economista, asesor del justicialismo local, que propone la creaci\u00f3n de un banco &#8230;<\/p>\n","protected":false},"author":8,"featured_media":85272,"comment_status":"open","ping_status":"open","sticky":false,"template":"","format":"standard","meta":{"footnotes":""},"categories":[5,14],"tags":[],"class_list":["post-108714","post","type-post","status-publish","format-standard","has-post-thumbnail","hentry","category-actualidad","category-agro"],"_links":{"self":[{"href":"https:\/\/vinasfm.com\/noticias\/wp-json\/wp\/v2\/posts\/108714","targetHints":{"allow":["GET"]}}],"collection":[{"href":"https:\/\/vinasfm.com\/noticias\/wp-json\/wp\/v2\/posts"}],"about":[{"href":"https:\/\/vinasfm.com\/noticias\/wp-json\/wp\/v2\/types\/post"}],"author":[{"embeddable":true,"href":"https:\/\/vinasfm.com\/noticias\/wp-json\/wp\/v2\/users\/8"}],"replies":[{"embeddable":true,"href":"https:\/\/vinasfm.com\/noticias\/wp-json\/wp\/v2\/comments?post=108714"}],"version-history":[{"count":2,"href":"https:\/\/vinasfm.com\/noticias\/wp-json\/wp\/v2\/posts\/108714\/revisions"}],"predecessor-version":[{"id":108721,"href":"https:\/\/vinasfm.com\/noticias\/wp-json\/wp\/v2\/posts\/108714\/revisions\/108721"}],"wp:featuredmedia":[{"embeddable":true,"href":"https:\/\/vinasfm.com\/noticias\/wp-json\/wp\/v2\/media\/85272"}],"wp:attachment":[{"href":"https:\/\/vinasfm.com\/noticias\/wp-json\/wp\/v2\/media?parent=108714"}],"wp:term":[{"taxonomy":"category","embeddable":true,"href":"https:\/\/vinasfm.com\/noticias\/wp-json\/wp\/v2\/categories?post=108714"},{"taxonomy":"post_tag","embeddable":true,"href":"https:\/\/vinasfm.com\/noticias\/wp-json\/wp\/v2\/tags?post=108714"}],"curies":[{"name":"wp","href":"https:\/\/api.w.org\/{rel}","templated":true}]}}