{"id":108704,"date":"2022-05-17T00:01:21","date_gmt":"2022-05-17T03:01:21","guid":{"rendered":"http:\/\/vinasfm.com\/noticias\/?p=108704"},"modified":"2022-05-19T08:48:11","modified_gmt":"2022-05-19T11:48:11","slug":"un-grupo-de-vandalos-apedreo-un-camion-en-calle-chacabuco","status":"publish","type":"post","link":"https:\/\/vinasfm.com\/noticias\/un-grupo-de-vandalos-apedreo-un-camion-en-calle-chacabuco\/","title":{"rendered":"UN GRUPO DE V\u00c1NDALOS APEDRE\u00d3 UN CAMI\u00d3N EN CALLE CHACABUCO"},"content":{"rendered":"<h4><span style=\"color: #000000;\"><strong>El actual desv\u00edo de camiones sum\u00f3 un nuevo hecho vand\u00e1lico protagonizado por un grupo de menores de edad, lo cuales apedrearon una movilidad de carga pesada.<\/strong><\/span><\/h4>\n<p><span style=\"color: #000000;\">Seg\u00fan confirmaron autoridades policiales, alrededor de las <strong>00:40hs de este martes<\/strong> se desplazaba por calle Chacabuco un <strong>cami\u00f3n marca Scania con semirremolque<\/strong>. Al llegar al cruce con calle Alberdi, <strong>v\u00e1ndalos comenzaron a arrojarle piedras<\/strong>.<\/span><\/p>\n<p><span style=\"color: #000000;\">Con esta acci\u00f3n,<strong> rompieron el parabrisas del cami\u00f3n alcanzado a lesionar en la zona frontal al conductor, que debi\u00f3 ser asistido<\/strong>. Por su parte, <strong>los agresores se dieron a al fuga por el interior del barrio San Carlos.\u00a0<\/strong><\/span><\/p>\n<p><span style=\"color: #000000;\">Se labraron actuaciones en <strong><em>&#8216;averiguaci\u00f3n da\u00f1o y lesiones&#8217;<\/em> <\/strong>bajo instrucci\u00f3n de la Unidad Fiscal de Comisar\u00eda 14\u00b0.<\/span><\/p>\n","protected":false},"excerpt":{"rendered":"<p>El actual desv\u00edo de camiones sum\u00f3 un nuevo hecho vand\u00e1lico protagonizado por un grupo de menores de edad, lo cuales apedrearon &#8230;<\/p>\n","protected":false},"author":8,"featured_media":105693,"comment_status":"open","ping_status":"open","sticky":false,"template":"","format":"standard","meta":{"footnotes":""},"categories":[5,4],"tags":[],"class_list":["post-108704","post","type-post","status-publish","format-standard","has-post-thumbnail","hentry","category-actualidad","category-policiales"],"_links":{"self":[{"href":"https:\/\/vinasfm.com\/noticias\/wp-json\/wp\/v2\/posts\/108704","targetHints":{"allow":["GET"]}}],"collection":[{"href":"https:\/\/vinasfm.com\/noticias\/wp-json\/wp\/v2\/posts"}],"about":[{"href":"https:\/\/vinasfm.com\/noticias\/wp-json\/wp\/v2\/types\/post"}],"author":[{"embeddable":true,"href":"https:\/\/vinasfm.com\/noticias\/wp-json\/wp\/v2\/users\/8"}],"replies":[{"embeddable":true,"href":"https:\/\/vinasfm.com\/noticias\/wp-json\/wp\/v2\/comments?post=108704"}],"version-history":[{"count":2,"href":"https:\/\/vinasfm.com\/noticias\/wp-json\/wp\/v2\/posts\/108704\/revisions"}],"predecessor-version":[{"id":108706,"href":"https:\/\/vinasfm.com\/noticias\/wp-json\/wp\/v2\/posts\/108704\/revisions\/108706"}],"wp:featuredmedia":[{"embeddable":true,"href":"https:\/\/vinasfm.com\/noticias\/wp-json\/wp\/v2\/media\/105693"}],"wp:attachment":[{"href":"https:\/\/vinasfm.com\/noticias\/wp-json\/wp\/v2\/media?parent=108704"}],"wp:term":[{"taxonomy":"category","embeddable":true,"href":"https:\/\/vinasfm.com\/noticias\/wp-json\/wp\/v2\/categories?post=108704"},{"taxonomy":"post_tag","embeddable":true,"href":"https:\/\/vinasfm.com\/noticias\/wp-json\/wp\/v2\/tags?post=108704"}],"curies":[{"name":"wp","href":"https:\/\/api.w.org\/{rel}","templated":true}]}}