{"id":108699,"date":"2022-05-17T09:00:47","date_gmt":"2022-05-17T12:00:47","guid":{"rendered":"http:\/\/vinasfm.com\/noticias\/?p=108699"},"modified":"2022-05-20T08:56:32","modified_gmt":"2022-05-20T11:56:32","slug":"avanza-la-obra-de-remodelacion-de-la-casa-salonia","status":"publish","type":"post","link":"https:\/\/vinasfm.com\/noticias\/avanza-la-obra-de-remodelacion-de-la-casa-salonia\/","title":{"rendered":"AVANZA LA OBRA DE REMODELACI\u00d3N DE LA CASA SALONIA"},"content":{"rendered":"<h4><span style=\"color: #000000;\"><strong>El Director de Obras P\u00fablicas Ignacio Castro brind\u00f3 detalles acerca del avance de obra de la Casa Salonia, estructura que albergar\u00e1 a la Direcci\u00f3n de Cultura.<\/strong><\/span><\/h4>\n<p><span style=\"color: #000000;\">Esta obra, que <strong>se realiza a 27 a\u00f1os de la donaci\u00f3n del edificio hist\u00f3rico<\/strong>, contempla la restauraci\u00f3n completa de la vieja estructura, adem\u00e1s de una ampliaci\u00f3n para un sal\u00f3n de usos m\u00faltiples. Las tareas est\u00e1n a cargo de la empresa <strong><em>El Nehuen<\/em><\/strong>, quienes estar\u00e1n a cargo de la restauraci\u00f3n total de la casona de 150m2 con una ampliaci\u00f3n para un sal\u00f3n de usos m\u00faltiples de m\u00e1s de 100m2, sanitarios, incluidos para personas con discapacidad y una peque\u00f1a oficina, con un plazo de obra de 180 d\u00edas que se extender\u00e1 por 90 d\u00edas.<\/span><\/p>\n<p><span style=\"color: #000000;\">\u201c<strong><em>Es un edificio con m\u00e1s de 80 a\u00f1os y requiri\u00f3 de refuerzos estructurales, lo que hizo que se extienda el plazo por 90 d\u00edas m\u00e1s para poder continuar con los trabajos. Actualmente estamos trabajando en el techado del edificio y comenzaremos a trabajar en la ampliaci\u00f3n del SUM, con los sanitarios y algunos adicionales<\/em><\/strong>\u201d, explic\u00f3 Castro, quien agreg\u00f3 que tiene un costo de <strong>18 millones de pesos<\/strong>.<\/span><\/p>\n<p><span style=\"color: #000000;\">El objetivo es que la obra quede lista para ser inaugurada en el mes de agosto o septiembre, con la restauraci\u00f3n del lugar y el SUM. Este edificio ser\u00e1 destinado a la Direcci\u00f3n de Cultura: \u201c<strong><em>Este tipo de obras son complejas, porque a medida que se va avanzando se observan distintos inconvenientes propios del tiempo que tiene el edificio, pero se ha mantenido la mayor parte del edificio<\/em><\/strong>\u201d, concluy\u00f3 el funcionario.<\/span><\/p>\n","protected":false},"excerpt":{"rendered":"<p>El Director de Obras P\u00fablicas Ignacio Castro brind\u00f3 detalles acerca del avance de obra de la Casa Salonia, estructura que albergar\u00e1 &#8230;<\/p>\n","protected":false},"author":8,"featured_media":108700,"comment_status":"open","ping_status":"open","sticky":false,"template":"","format":"standard","meta":{"footnotes":""},"categories":[5,29],"tags":[],"class_list":["post-108699","post","type-post","status-publish","format-standard","has-post-thumbnail","hentry","category-actualidad","category-obras-y-servicios"],"_links":{"self":[{"href":"https:\/\/vinasfm.com\/noticias\/wp-json\/wp\/v2\/posts\/108699","targetHints":{"allow":["GET"]}}],"collection":[{"href":"https:\/\/vinasfm.com\/noticias\/wp-json\/wp\/v2\/posts"}],"about":[{"href":"https:\/\/vinasfm.com\/noticias\/wp-json\/wp\/v2\/types\/post"}],"author":[{"embeddable":true,"href":"https:\/\/vinasfm.com\/noticias\/wp-json\/wp\/v2\/users\/8"}],"replies":[{"embeddable":true,"href":"https:\/\/vinasfm.com\/noticias\/wp-json\/wp\/v2\/comments?post=108699"}],"version-history":[{"count":1,"href":"https:\/\/vinasfm.com\/noticias\/wp-json\/wp\/v2\/posts\/108699\/revisions"}],"predecessor-version":[{"id":108701,"href":"https:\/\/vinasfm.com\/noticias\/wp-json\/wp\/v2\/posts\/108699\/revisions\/108701"}],"wp:featuredmedia":[{"embeddable":true,"href":"https:\/\/vinasfm.com\/noticias\/wp-json\/wp\/v2\/media\/108700"}],"wp:attachment":[{"href":"https:\/\/vinasfm.com\/noticias\/wp-json\/wp\/v2\/media?parent=108699"}],"wp:term":[{"taxonomy":"category","embeddable":true,"href":"https:\/\/vinasfm.com\/noticias\/wp-json\/wp\/v2\/categories?post=108699"},{"taxonomy":"post_tag","embeddable":true,"href":"https:\/\/vinasfm.com\/noticias\/wp-json\/wp\/v2\/tags?post=108699"}],"curies":[{"name":"wp","href":"https:\/\/api.w.org\/{rel}","templated":true}]}}