{"id":108695,"date":"2022-05-17T23:59:21","date_gmt":"2022-05-18T02:59:21","guid":{"rendered":"http:\/\/vinasfm.com\/noticias\/?p=108695"},"modified":"2022-05-19T10:20:37","modified_gmt":"2022-05-19T13:20:37","slug":"bajo-consenso-el-partido-democrata-busca-recuperar-espacios-de-poder","status":"publish","type":"post","link":"https:\/\/vinasfm.com\/noticias\/bajo-consenso-el-partido-democrata-busca-recuperar-espacios-de-poder\/","title":{"rendered":"BAJO CONSENSO EL PARTIDO DEM\u00d3CRATA BUSCA RECUPERAR ESPACIOS DE PODER"},"content":{"rendered":"<h4><span style=\"color: #000000;\"><strong>Con el objetivo claro de reposicionar al Partido Dem\u00f3crata a nivel provincial, dirigentes, afiliados y amigos de distintas partes de la provincia confluyeron en la sede partidaria de Gral. Alvear, en el marco del proceso partidario de renovaci\u00f3n de autoridades prevista para los pr\u00f3ximos meses. &#8216;<em>Trabajar en equipo, respetar la carta org\u00e1nica y los principios del partido<\/em>&#8216;, propuso P\u00e9rez Bernal.<\/strong><\/span><\/h4>\n<p><span style=\"color: #000000;\">Los asistentes forman parte del denominado \u201c<strong><em>Consenso Dem\u00f3crata<\/em><\/strong>\u201d que est\u00e1 trabajando para poner en valor y en acci\u00f3n al mando de la conducci\u00f3n partidaria a dirigentes con capacidad y vocaci\u00f3n de recuperar al Partido Dem\u00f3crata, para que sea una herramienta \u00fatil en beneficio de los mendocinos.<\/span><\/p>\n<p><span style=\"color: #000000;\">Participaron de la reuni\u00f3n, adem\u00e1s de concejales, dirigentes de <strong>Guaymall\u00e9n, Las Heras, Maip\u00fa, Capital, Valle de Uco, San Rafael, Malarg\u00fce y Gral Alvear<\/strong>, y se recibieron adhesiones de distintos departamentos. Hubo varios oradores, entre ellos el dirigente alvearense,<strong> Jorge Eliseo P\u00e9rez<\/strong> en cuyo departamento el PD obtuvo el mayor caudal de votos respecto del resto de la provincia, con el 12% y que lo posiciona como uno de los posibles dirigentes para conducir dirigir el partido de los gansos a nivel provincial.\u00a0<\/span><\/p>\n<p><span style=\"color: #000000;\">&#8216;<strong><em>Tiene que haber un recambio importante porque creemos que General Alvear puede ser la representaci\u00f3n provincial por el resultado de las elecciones que responde a una estrategia que se us\u00f3 en Alvear. No es que fue al azar, en nuestro departamento llevamos al partido Dem\u00f3crata a los principios hist\u00f3ricos<\/em><\/strong>&#8216;, manifest\u00f3 P\u00e9rez Bernal en di\u00e1logo con F.M. VI\u00d1AS.<\/span><\/p>\n<p><span style=\"color: #000000;\"> En este sentido sostuvo que &#8216;<strong><em>la gente quiere vernos como una tercera fuerza, si bien dec\u00eda uno de los presidentes departamentales porqu\u00e9 ser la tercera fuerza y no volver a ser gobierno en la provincia de Mendoza y esta es la intenci\u00f3n de este consenso del partido Dem\u00f3crata: que recuperemos definitivamente la identidad partidaria<\/em><\/strong>&#8216;.<\/span><\/p>\n<p><span style=\"color: #000000;\">Consultada sobre la posici\u00f3n del partido sobre distintos temas que debate la sociedad actualmente, asegur\u00f3: &#8216;<strong><em>La carta org\u00e1nica del partido Dem\u00f3crata defiende la vida y siempre lo defendi\u00f3. El tema de la eutanasia y la marihuana recreativa no son los principios de nuestro partido<\/em><\/strong>&#8216;.<\/span><\/p>\n<p><span style=\"color: #000000;\">La presidente del PD local, celebr\u00f3 que en Alvear el partido es m\u00e1s activo y que su conducci\u00f3n &#8216;<strong><em>trabaja para ofrecer una condici\u00f3n verdadera y eso se destaca y es lo m\u00e1s importante. Creemos que es necesario una tercera fuerza en el departamento. La pol\u00edtica tiene que ser diferente y la pol\u00edtica tiene que ir por delante para que la gente est\u00e9 mejor<\/em><\/strong>&#8216;. <\/span><\/p>\n<p><span style=\"color: #000000;\">Finalmente, haciendo referencia a las elecciones internas explic\u00f3 que &#8216;<em><strong>ser\u00e1n entre 60 o 90 d\u00edas las pr\u00f3ximas elecciones, el 28 de mayo. Es importante porque se re\u00fane las autoridades de los partidos dem\u00f3cratas nacionales para decidir la incorporaci\u00f3n de Milei o no dentro del partido para las elecciones del 2023 como candidato a presidente y en el caso que as\u00ed sea todos los distritos electorales tiene que atacar ese lineamiento. Dentro del partido Dem\u00f3crata de la provincia no est\u00e1n puesta la fecha para el cambio de autoridades<\/strong><\/em>&#8216;.<\/span><\/p>\n","protected":false},"excerpt":{"rendered":"<p>Con el objetivo claro de reposicionar al Partido Dem\u00f3crata a nivel provincial, dirigentes, afiliados y amigos de distintas partes de la &#8230;<\/p>\n","protected":false},"author":7,"featured_media":108708,"comment_status":"open","ping_status":"open","sticky":false,"template":"","format":"standard","meta":{"footnotes":""},"categories":[5,7],"tags":[],"class_list":["post-108695","post","type-post","status-publish","format-standard","has-post-thumbnail","hentry","category-actualidad","category-politica"],"_links":{"self":[{"href":"https:\/\/vinasfm.com\/noticias\/wp-json\/wp\/v2\/posts\/108695","targetHints":{"allow":["GET"]}}],"collection":[{"href":"https:\/\/vinasfm.com\/noticias\/wp-json\/wp\/v2\/posts"}],"about":[{"href":"https:\/\/vinasfm.com\/noticias\/wp-json\/wp\/v2\/types\/post"}],"author":[{"embeddable":true,"href":"https:\/\/vinasfm.com\/noticias\/wp-json\/wp\/v2\/users\/7"}],"replies":[{"embeddable":true,"href":"https:\/\/vinasfm.com\/noticias\/wp-json\/wp\/v2\/comments?post=108695"}],"version-history":[{"count":4,"href":"https:\/\/vinasfm.com\/noticias\/wp-json\/wp\/v2\/posts\/108695\/revisions"}],"predecessor-version":[{"id":108759,"href":"https:\/\/vinasfm.com\/noticias\/wp-json\/wp\/v2\/posts\/108695\/revisions\/108759"}],"wp:featuredmedia":[{"embeddable":true,"href":"https:\/\/vinasfm.com\/noticias\/wp-json\/wp\/v2\/media\/108708"}],"wp:attachment":[{"href":"https:\/\/vinasfm.com\/noticias\/wp-json\/wp\/v2\/media?parent=108695"}],"wp:term":[{"taxonomy":"category","embeddable":true,"href":"https:\/\/vinasfm.com\/noticias\/wp-json\/wp\/v2\/categories?post=108695"},{"taxonomy":"post_tag","embeddable":true,"href":"https:\/\/vinasfm.com\/noticias\/wp-json\/wp\/v2\/tags?post=108695"}],"curies":[{"name":"wp","href":"https:\/\/api.w.org\/{rel}","templated":true}]}}