{"id":108694,"date":"2022-05-17T23:57:13","date_gmt":"2022-05-18T02:57:13","guid":{"rendered":"http:\/\/vinasfm.com\/noticias\/?p=108694"},"modified":"2022-05-19T10:27:47","modified_gmt":"2022-05-19T13:27:47","slug":"el-turismo-de-congresos-pisa-fuerte-en-alvear","status":"publish","type":"post","link":"https:\/\/vinasfm.com\/noticias\/el-turismo-de-congresos-pisa-fuerte-en-alvear\/","title":{"rendered":"EL TURISMO DE CONGRESOS PISA FUERTE EN ALVEAR"},"content":{"rendered":"<h4><span style=\"color: #000000;\"><strong>El pr\u00f3ximo viernes 10 de junio se realizar\u00e1 el encuentro evang\u00e9lico \u201cAposento\u201d, que atraer\u00e1 a numerosas personas de distintos puntos del pa\u00eds, por lo que el evento religioso tambi\u00e9n se enmarca en el concepto Turismo de Congresos.<\/strong><\/span><\/h4>\n<p><span style=\"color: #000000;\">El Asesor de Derechos Humanos Roberto Lucero, junto al Doctor Federico Caporale, el Presidente de Iglesias Unidas Pastor Claudio Sureda y el Coordinador de Culto Departamental Javier Lawreniuk, dieron detalles del evento evang\u00e9lico \u201c<strong><em>Aposento<\/em><\/strong>\u201d, a cargo del Ap\u00f3stol Ricardo Di Ricco, que se realizar\u00e1 el viernes 10 y el s\u00e1bado 11 de junio en General Alvear, convocando a cerca de 1.500 personas de todo el Pa\u00eds: \u201c<strong><em>Este evento es promovido por Iglesias Unidas Por Alvear, esto se va a realizar en Ferro Carril Oeste, y se va a convocar a una gran cantidad de personas<\/em><\/strong>\u201d expres\u00f3 Lucero.<\/span><\/p>\n<p><span style=\"color: #000000;\"><strong>Javier Lawreniuk<\/strong>, Coordinador de Culto Departamental, expres\u00f3 su alegr\u00eda por contar con este acontecimiento en nuestro departamento: \u201c<strong><em>Es un honor poder tener este evento en Alvear, ya que es un gran acontecimiento para todo el pa\u00eds<\/em><\/strong>\u201d indic\u00f3. Asimismo Federico Caporale, dio m\u00e1s detalles del evento: \u201c<strong><em>Esto naci\u00f3 en el coraz\u00f3n de nuestro apostol Ricardo Di Ricco como un evento en relaci\u00f3n con las iglesias y acrecentar la relaci\u00f3n con el Esp\u00edritu Santo, a trav\u00e9s de una reuni\u00f3n que se realizar\u00e1 en el pa\u00eds, siendo Alvear el primer lugar del interior del pa\u00eds donde se lleva adelante este event<\/em><\/strong>o\u201d.<\/span><\/p>\n<p><span style=\"color: #000000;\">Di Ricco asegur\u00f3 durante estos d\u00edas habr\u00e1 una gran convocatoria en nuestro departamento, ya que Di Ricco es una persona muy convocante, lo que ser\u00e1 sin dudas un evento importante para el sector tur\u00edstico de General Alvear.<\/span><\/p>\n","protected":false},"excerpt":{"rendered":"<p>El pr\u00f3ximo viernes 10 de junio se realizar\u00e1 el encuentro evang\u00e9lico \u201cAposento\u201d, que atraer\u00e1 a numerosas personas de distintos puntos del &#8230;<\/p>\n","protected":false},"author":8,"featured_media":108697,"comment_status":"open","ping_status":"open","sticky":false,"template":"","format":"standard","meta":{"footnotes":""},"categories":[5,21],"tags":[],"class_list":["post-108694","post","type-post","status-publish","format-standard","has-post-thumbnail","hentry","category-actualidad","category-turismo-2"],"_links":{"self":[{"href":"https:\/\/vinasfm.com\/noticias\/wp-json\/wp\/v2\/posts\/108694","targetHints":{"allow":["GET"]}}],"collection":[{"href":"https:\/\/vinasfm.com\/noticias\/wp-json\/wp\/v2\/posts"}],"about":[{"href":"https:\/\/vinasfm.com\/noticias\/wp-json\/wp\/v2\/types\/post"}],"author":[{"embeddable":true,"href":"https:\/\/vinasfm.com\/noticias\/wp-json\/wp\/v2\/users\/8"}],"replies":[{"embeddable":true,"href":"https:\/\/vinasfm.com\/noticias\/wp-json\/wp\/v2\/comments?post=108694"}],"version-history":[{"count":2,"href":"https:\/\/vinasfm.com\/noticias\/wp-json\/wp\/v2\/posts\/108694\/revisions"}],"predecessor-version":[{"id":108769,"href":"https:\/\/vinasfm.com\/noticias\/wp-json\/wp\/v2\/posts\/108694\/revisions\/108769"}],"wp:featuredmedia":[{"embeddable":true,"href":"https:\/\/vinasfm.com\/noticias\/wp-json\/wp\/v2\/media\/108697"}],"wp:attachment":[{"href":"https:\/\/vinasfm.com\/noticias\/wp-json\/wp\/v2\/media?parent=108694"}],"wp:term":[{"taxonomy":"category","embeddable":true,"href":"https:\/\/vinasfm.com\/noticias\/wp-json\/wp\/v2\/categories?post=108694"},{"taxonomy":"post_tag","embeddable":true,"href":"https:\/\/vinasfm.com\/noticias\/wp-json\/wp\/v2\/tags?post=108694"}],"curies":[{"name":"wp","href":"https:\/\/api.w.org\/{rel}","templated":true}]}}