{"id":108608,"date":"2022-05-15T15:51:26","date_gmt":"2022-05-15T18:51:26","guid":{"rendered":"http:\/\/vinasfm.com\/noticias\/?p=108608"},"modified":"2022-05-16T10:21:25","modified_gmt":"2022-05-16T13:21:25","slug":"venta-de-artesanias-y-ecocanje-en-el-mercado-municipal-de-ciudad","status":"publish","type":"post","link":"https:\/\/vinasfm.com\/noticias\/venta-de-artesanias-y-ecocanje-en-el-mercado-municipal-de-ciudad\/","title":{"rendered":"VENTA DE ARTESAN\u00cdAS Y ECOCANJE EN EL MERCADO MUNICIPAL DE CIUDAD"},"content":{"rendered":"<h4><span style=\"color: #000000;\"><strong>Los talleres de la Escuela N\u00b0 2-707 de Educaci\u00f3n Especial Presidente Ra\u00fal Ricardo Alfons\u00edn, los Talleres Municipales, artesanos y emprendedores, estuvieron exponiendo y vendiendo sus productos en el evento Jueves de Mercado. Personal de la Direcci\u00f3n de Gesti\u00f3n Ambiental realiz\u00f3 EcoCanje, tambi\u00e9n hubo m\u00fasica en vivo y estuvo la Murga de la Escuela Ra\u00fal Alfons\u00edn.<\/strong><\/span><\/h4>\n<p><span style=\"color: #000000;\">En el Mercado Municipal, el Director de Gesti\u00f3n Ambiental Rainero Caterbetti explic\u00f3 el Programa EcoCanje, en tanto que la Coordinadora de Econom\u00eda Social Valeria Mart\u00ednez brind\u00f3 detalles del Jueves de Mercado.<\/span><\/p>\n<p><span style=\"color: #000000;\">Mediante el <strong>Programa EcoCanje<\/strong>, a quienes acerquen materiales de pl\u00e1stico, vidrio, papel y cart\u00f3n o aluminio se les entregar\u00e1 un L\u00e1piz de SUYANA hecho con materiales reciclables o bolsas HILATEX confeccionadas con tela recuperada: \u201c<strong><em>Estamos cambiando materiales reciclables por material reciclado de dos emprendimientos locales. Intentamos potenciar el desarrollo sostenible del Departamento y destacamos la importancia de separar, porque Alvear cuenta con una Planta de Residuos modelo para toda la Provincia. All\u00ed se hace una gran clasificaci\u00f3n de materiales, el a\u00f1o pasado se vendieron trescientos mil kilos de materiales que fueron reinsertados a la econom\u00eda. De este modo, se cierra el c\u00edrculo, se logra relajar la extracci\u00f3n de recursos naturales y se logra el desarrollo sostenible<\/em><\/strong>\u201d, enfatiz\u00f3 el Director de Gesti\u00f3n Ambiental.<\/span><\/p>\n<p><span style=\"color: #000000;\">Por su parte, la Coordinadora de Econom\u00eda Social Valeria Mart\u00ednez subray\u00f3 que se trata de una actividad propuesta por la Escuela de Educaci\u00f3n Especial: \u201c<strong><em>Estamos contentos de que puedan venir a mostrar lo que hacen en la escuela y nosotros le sumamos talleres municipales, artesanos, con el objetivo de estimular los trabajos y productos que se desarrollan en el Departamento. Deseamos que la gente venga, conozca lo que se hace en Alvear y consuma. Nos fue bien en la primera experiencia y estamos organizando el pr\u00f3ximo Jueves de mercado, que tendr\u00e1 lugar en el Mercado Municipal el jueves 26 de mayo, de 9 a 12h<\/em><\/strong>\u201d.<\/span><\/p>\n<p><span style=\"color: #000000;\">La tallerista de la Escuela Ra\u00fal Alfons\u00edn Ana Laura Benegas explic\u00f3 que la instituci\u00f3n educativa funciona como formadora de trabajos: \u201c<strong><em>Tenemos distintos talleres de \u00e1reas art\u00edsticas, tambi\u00e9n carpinter\u00eda, gastronom\u00eda y hoteler\u00eda. Para nosotros es muy bueno tener un lugar donde podamos exponer los trabajos, para que los chicos puedan aprender a socializar, estar en contacto con la gente, tener autonom\u00eda y lograr una salida laboral. Adem\u00e1s, es importante que la gente nos conozca, estamos en Diagonal Carlos Pellegrini 654, donde tenemos cacharros en cer\u00e1mica, trabajos de reciclado. Y el jueves 26 mayo vendremos nuevamente al Mercado Municipal con m\u00e1s productos<\/em><\/strong>\u201d.<\/span><\/p>\n","protected":false},"excerpt":{"rendered":"<p>Los talleres de la Escuela N\u00b0 2-707 de Educaci\u00f3n Especial Presidente Ra\u00fal Ricardo Alfons\u00edn, los Talleres Municipales, artesanos y emprendedores, estuvieron &#8230;<\/p>\n","protected":false},"author":8,"featured_media":108609,"comment_status":"open","ping_status":"open","sticky":false,"template":"","format":"standard","meta":{"footnotes":""},"categories":[5,10],"tags":[],"class_list":["post-108608","post","type-post","status-publish","format-standard","has-post-thumbnail","hentry","category-actualidad","category-destacadas"],"_links":{"self":[{"href":"https:\/\/vinasfm.com\/noticias\/wp-json\/wp\/v2\/posts\/108608","targetHints":{"allow":["GET"]}}],"collection":[{"href":"https:\/\/vinasfm.com\/noticias\/wp-json\/wp\/v2\/posts"}],"about":[{"href":"https:\/\/vinasfm.com\/noticias\/wp-json\/wp\/v2\/types\/post"}],"author":[{"embeddable":true,"href":"https:\/\/vinasfm.com\/noticias\/wp-json\/wp\/v2\/users\/8"}],"replies":[{"embeddable":true,"href":"https:\/\/vinasfm.com\/noticias\/wp-json\/wp\/v2\/comments?post=108608"}],"version-history":[{"count":1,"href":"https:\/\/vinasfm.com\/noticias\/wp-json\/wp\/v2\/posts\/108608\/revisions"}],"predecessor-version":[{"id":108611,"href":"https:\/\/vinasfm.com\/noticias\/wp-json\/wp\/v2\/posts\/108608\/revisions\/108611"}],"wp:featuredmedia":[{"embeddable":true,"href":"https:\/\/vinasfm.com\/noticias\/wp-json\/wp\/v2\/media\/108609"}],"wp:attachment":[{"href":"https:\/\/vinasfm.com\/noticias\/wp-json\/wp\/v2\/media?parent=108608"}],"wp:term":[{"taxonomy":"category","embeddable":true,"href":"https:\/\/vinasfm.com\/noticias\/wp-json\/wp\/v2\/categories?post=108608"},{"taxonomy":"post_tag","embeddable":true,"href":"https:\/\/vinasfm.com\/noticias\/wp-json\/wp\/v2\/tags?post=108608"}],"curies":[{"name":"wp","href":"https:\/\/api.w.org\/{rel}","templated":true}]}}