{"id":108566,"date":"2022-05-12T23:20:18","date_gmt":"2022-05-13T02:20:18","guid":{"rendered":"http:\/\/vinasfm.com\/noticias\/?p=108566"},"modified":"2022-05-13T10:24:28","modified_gmt":"2022-05-13T13:24:28","slug":"vuelve-tardecitas-de-mercado-y-habra-encuentro-de-artesanos-en-bowen","status":"publish","type":"post","link":"https:\/\/vinasfm.com\/noticias\/vuelve-tardecitas-de-mercado-y-habra-encuentro-de-artesanos-en-bowen\/","title":{"rendered":"VUELVE &#8216;TARDECITAS DE MERCADO&#8217; Y HABR\u00c1 ENCUENTRO DE ARTESANOS EN BOWEN"},"content":{"rendered":"<h4><span style=\"color: #000000;\"><strong>La Delegada de Bowen Eliana Manzano anunci\u00f3 un encuentro de artesanos con participaci\u00f3n de talleres municipales, programado para el pr\u00f3ximo domingo en la plaza San Mart\u00edn.<\/strong><\/span><\/h4>\n<p><span style=\"color: #000000;\">La Coordinadora de Econom\u00eda Social Valeria Mart\u00ednez invit\u00f3 a Jueves de Mercado, donde estar\u00e1n presentes los talleres de la Escuela Ra\u00fal Alfons\u00edn, a Talleres Municipales, artesanos y emprendedores. Adem\u00e1s, habr\u00e1 Eco-canje y m\u00fasica en vivo. Tambi\u00e9n convoc\u00f3 a Tardecitas en el Mercado para el s\u00e1bado 14 de mayo, con nuevo horario de inicio y cierre.<\/span><\/p>\n<p><span style=\"color: #000000;\">Por su parte el domingo 15 de mayo se realizar\u00e1 un encuentro de artesanos en la plaza distrital San Mart\u00edn de Bowen con el objetivo de promocionar los talleres que se est\u00e1n dictando en el SIC para que la gente pueda inscribirse y conocer todo. Tambi\u00e9n est\u00e1n invitados todos los artesanos que quieran vender sus productos, en la parte art\u00edstica se estar\u00e1 presentando Ariel Crespillo y finalizar\u00e1 con la banda municipal, comienza cerca de las 15:00 hs hasta las 18:30 hs.<\/span><\/p>\n<p><span style=\"color: #000000;\">L.L<\/span><\/p>\n","protected":false},"excerpt":{"rendered":"<p>La Delegada de Bowen Eliana Manzano anunci\u00f3 un encuentro de artesanos con participaci\u00f3n de talleres municipales, programado para el pr\u00f3ximo domingo &#8230;<\/p>\n","protected":false},"author":7,"featured_media":107623,"comment_status":"open","ping_status":"open","sticky":false,"template":"","format":"standard","meta":{"footnotes":""},"categories":[5,10],"tags":[],"class_list":["post-108566","post","type-post","status-publish","format-standard","has-post-thumbnail","hentry","category-actualidad","category-destacadas"],"_links":{"self":[{"href":"https:\/\/vinasfm.com\/noticias\/wp-json\/wp\/v2\/posts\/108566","targetHints":{"allow":["GET"]}}],"collection":[{"href":"https:\/\/vinasfm.com\/noticias\/wp-json\/wp\/v2\/posts"}],"about":[{"href":"https:\/\/vinasfm.com\/noticias\/wp-json\/wp\/v2\/types\/post"}],"author":[{"embeddable":true,"href":"https:\/\/vinasfm.com\/noticias\/wp-json\/wp\/v2\/users\/7"}],"replies":[{"embeddable":true,"href":"https:\/\/vinasfm.com\/noticias\/wp-json\/wp\/v2\/comments?post=108566"}],"version-history":[{"count":5,"href":"https:\/\/vinasfm.com\/noticias\/wp-json\/wp\/v2\/posts\/108566\/revisions"}],"predecessor-version":[{"id":108598,"href":"https:\/\/vinasfm.com\/noticias\/wp-json\/wp\/v2\/posts\/108566\/revisions\/108598"}],"wp:featuredmedia":[{"embeddable":true,"href":"https:\/\/vinasfm.com\/noticias\/wp-json\/wp\/v2\/media\/107623"}],"wp:attachment":[{"href":"https:\/\/vinasfm.com\/noticias\/wp-json\/wp\/v2\/media?parent=108566"}],"wp:term":[{"taxonomy":"category","embeddable":true,"href":"https:\/\/vinasfm.com\/noticias\/wp-json\/wp\/v2\/categories?post=108566"},{"taxonomy":"post_tag","embeddable":true,"href":"https:\/\/vinasfm.com\/noticias\/wp-json\/wp\/v2\/tags?post=108566"}],"curies":[{"name":"wp","href":"https:\/\/api.w.org\/{rel}","templated":true}]}}