{"id":108550,"date":"2022-05-11T10:55:49","date_gmt":"2022-05-11T13:55:49","guid":{"rendered":"http:\/\/vinasfm.com\/noticias\/?p=108550"},"modified":"2022-05-11T10:55:49","modified_gmt":"2022-05-11T13:55:49","slug":"personal-de-poda-de-cecsagal-participo-de-una-importante-capacitacion","status":"publish","type":"post","link":"https:\/\/vinasfm.com\/noticias\/personal-de-poda-de-cecsagal-participo-de-una-importante-capacitacion\/","title":{"rendered":"PERSONAL DE PODA DE CECSAGAL PARTICIP\u00d3 DE UNA IMPORTANTE CAPACITACI\u00d3N"},"content":{"rendered":"<h4><span style=\"color: #000000;\"><strong>Este martes, se llev\u00f3 a cabo en la casa del Maestro, en la vecina ciudad de San Rafael, una nueva capacitaci\u00f3n sobre manejo y mantenimiento de motosierras y desmalezadoras. En esta oportunidad, la Cooperativa Cecsagal fue invitada por la empresa \u00abSu Riego\u00bb, a cargo de la organizaci\u00f3n.<\/strong><\/span><\/h4>\n<p><span style=\"color: #000000;\">\u00ab<strong><em>La charla estuvo enfocada en la seguridad, t\u00e9cnica y mec\u00e1nica de las motosierras, aunque tambi\u00e9n se presentaron innovaciones en chisperos y desmalezadoras. Vino personal especializado de \u00abEcho\u00bb que es una marca Japonesa de excelente rendimiento, de la que son casi todas nuestras m\u00e1quinas<\/em><\/strong>\u00ab, sostuvo la ingeniera Fernanda Valente, a cargo del personal de poda de la Cooperativa.<\/span><\/p>\n<p><span style=\"color: #000000;\">\u00ab<strong><em>Nos dieron muchos tips, sobre todo para el mantenimiento, son charlas muy importantes porque es fundamental un buen uso y a la vez poder prolongar la vida de cada m\u00e1quina<\/em><\/strong>\u00ab, subray\u00f3.<\/span><\/p>\n<p><span style=\"color: #000000;\">En cuanto al trabajo que Cecsagal realiza en el departamento, la Ingeniera destac\u00f3: \u00ab<strong><em>La temporada de poda comenz\u00f3 el 1\u00ba de mayo, y es de mantenimiento, aunque fuerte, porque debemos dejar buen margen para que durante el verano no se generen inconvenientes<\/em><\/strong>\u00ab. <\/span><\/p>\n","protected":false},"excerpt":{"rendered":"<p>Este martes, se llev\u00f3 a cabo en la casa del Maestro, en la vecina ciudad de San Rafael, una nueva capacitaci\u00f3n &#8230;<\/p>\n","protected":false},"author":8,"featured_media":108551,"comment_status":"open","ping_status":"open","sticky":false,"template":"","format":"standard","meta":{"footnotes":""},"categories":[5,60],"tags":[],"class_list":["post-108550","post","type-post","status-publish","format-standard","has-post-thumbnail","hentry","category-actualidad","category-cecsagal"],"_links":{"self":[{"href":"https:\/\/vinasfm.com\/noticias\/wp-json\/wp\/v2\/posts\/108550","targetHints":{"allow":["GET"]}}],"collection":[{"href":"https:\/\/vinasfm.com\/noticias\/wp-json\/wp\/v2\/posts"}],"about":[{"href":"https:\/\/vinasfm.com\/noticias\/wp-json\/wp\/v2\/types\/post"}],"author":[{"embeddable":true,"href":"https:\/\/vinasfm.com\/noticias\/wp-json\/wp\/v2\/users\/8"}],"replies":[{"embeddable":true,"href":"https:\/\/vinasfm.com\/noticias\/wp-json\/wp\/v2\/comments?post=108550"}],"version-history":[{"count":1,"href":"https:\/\/vinasfm.com\/noticias\/wp-json\/wp\/v2\/posts\/108550\/revisions"}],"predecessor-version":[{"id":108552,"href":"https:\/\/vinasfm.com\/noticias\/wp-json\/wp\/v2\/posts\/108550\/revisions\/108552"}],"wp:featuredmedia":[{"embeddable":true,"href":"https:\/\/vinasfm.com\/noticias\/wp-json\/wp\/v2\/media\/108551"}],"wp:attachment":[{"href":"https:\/\/vinasfm.com\/noticias\/wp-json\/wp\/v2\/media?parent=108550"}],"wp:term":[{"taxonomy":"category","embeddable":true,"href":"https:\/\/vinasfm.com\/noticias\/wp-json\/wp\/v2\/categories?post=108550"},{"taxonomy":"post_tag","embeddable":true,"href":"https:\/\/vinasfm.com\/noticias\/wp-json\/wp\/v2\/tags?post=108550"}],"curies":[{"name":"wp","href":"https:\/\/api.w.org\/{rel}","templated":true}]}}