{"id":108533,"date":"2022-05-11T10:21:05","date_gmt":"2022-05-11T13:21:05","guid":{"rendered":"http:\/\/vinasfm.com\/noticias\/?p=108533"},"modified":"2022-05-13T08:56:32","modified_gmt":"2022-05-13T11:56:32","slug":"detuvieron-a-uno-de-los-posibles-delincuentes-que-asaltaron-a-un-vecino-en-el-b-docente","status":"publish","type":"post","link":"https:\/\/vinasfm.com\/noticias\/detuvieron-a-uno-de-los-posibles-delincuentes-que-asaltaron-a-un-vecino-en-el-b-docente\/","title":{"rendered":"DETUVIERON A UNO DE LOS POSIBLES DELINCUENTES QUE ASALTARON A UN VECINO EN EL B\u00b0 DOCENTE"},"content":{"rendered":"<h4><span style=\"color: #000000;\"><strong>Uno de los tres posibles autores de un <a href=\"http:\/\/vinasfm.com\/noticias\/asaltaron-violentamente-a-un-vecino-en-el-b-docente-le-robaron-una-importante-cifra-de-dinero\/\">violento asalto<\/a> ocurrido el pasado jueves 21 de abril fue aprehendido este martes por personal de Investigaciones gracias a una medida de allanamiento autorizada por la Justicia local, donde se tramita la causa que tiene como v\u00edctima a un vecino del Barrio Docente.<\/strong><\/span><\/h4>\n<p><span style=\"color: #000000;\">La <strong>Principal Bel\u00e9n Bravo<\/strong> inform\u00f3 que mediante tres medidas de allanamiento desarrolladas este martes<strong> lograron detener a uno de los tres sospechosos de este delito<\/strong> mediante el cual le sustrajeron una importante cantidad de dinero en efectivo a un hombre de apellido <em>Poli<\/em> luego de propinarle una feroz golpiza en el interior de su propiedad, situada en<strong> calle Luis Ponce de Ciudad<\/strong>, durante la ma\u00f1ana del 21 de abril.<\/span><\/p>\n<p><a href=\"http:\/\/vinasfm.com\/noticias\/wp-content\/uploads\/2022\/05\/cdd5b5fe-57e4-4d7b-a54f-0c8e2b10da10.jpg\"><img loading=\"lazy\" decoding=\"async\" class=\" wp-image-108535 aligncenter\" src=\"http:\/\/vinasfm.com\/noticias\/wp-content\/uploads\/2022\/05\/cdd5b5fe-57e4-4d7b-a54f-0c8e2b10da10-300x76.jpg\" alt=\"\" width=\"632\" height=\"160\" srcset=\"https:\/\/vinasfm.com\/noticias\/wp-content\/uploads\/2022\/05\/cdd5b5fe-57e4-4d7b-a54f-0c8e2b10da10-300x76.jpg 300w, https:\/\/vinasfm.com\/noticias\/wp-content\/uploads\/2022\/05\/cdd5b5fe-57e4-4d7b-a54f-0c8e2b10da10-1024x260.jpg 1024w, https:\/\/vinasfm.com\/noticias\/wp-content\/uploads\/2022\/05\/cdd5b5fe-57e4-4d7b-a54f-0c8e2b10da10-768x195.jpg 768w, https:\/\/vinasfm.com\/noticias\/wp-content\/uploads\/2022\/05\/cdd5b5fe-57e4-4d7b-a54f-0c8e2b10da10.jpg 1221w\" sizes=\"auto, (max-width: 632px) 100vw, 632px\" \/><\/a><\/p>\n<p><span style=\"color: #000000;\">En la intervenci\u00f3n policial, <strong>se le secuestr\u00f3 un alto n\u00famero de billetes de $1000 y \u00e9l fue trasladado a la seccional 14\u00b0 donde est\u00e1 a disposici\u00f3n de la Justicia<\/strong>. El aprehendido, que <em>ser\u00eda de apellido Carrabre<\/em>, <strong>posee frondoso prontuario delictivo ya que ha cometido varios hechos contra la propiedad<\/strong>. En caso de haber participado en esta entradera podr\u00eda arriesgar una pena de prisi\u00f3n efectiva. <\/span><\/p>\n<p><span style=\"color: #000000;\">Durante las pr\u00f3ximas horas <strong>la polic\u00eda continuar\u00e1 con las medidas de investigaci\u00f3n para dar con los otros dos malvivientes<\/strong>.<\/span><\/p>\n","protected":false},"excerpt":{"rendered":"<p>Uno de los tres posibles autores de un violento asalto ocurrido el pasado jueves 21 de abril fue aprehendido este martes &#8230;<\/p>\n","protected":false},"author":8,"featured_media":108534,"comment_status":"open","ping_status":"open","sticky":false,"template":"","format":"standard","meta":{"footnotes":""},"categories":[5,4],"tags":[],"class_list":["post-108533","post","type-post","status-publish","format-standard","has-post-thumbnail","hentry","category-actualidad","category-policiales"],"_links":{"self":[{"href":"https:\/\/vinasfm.com\/noticias\/wp-json\/wp\/v2\/posts\/108533","targetHints":{"allow":["GET"]}}],"collection":[{"href":"https:\/\/vinasfm.com\/noticias\/wp-json\/wp\/v2\/posts"}],"about":[{"href":"https:\/\/vinasfm.com\/noticias\/wp-json\/wp\/v2\/types\/post"}],"author":[{"embeddable":true,"href":"https:\/\/vinasfm.com\/noticias\/wp-json\/wp\/v2\/users\/8"}],"replies":[{"embeddable":true,"href":"https:\/\/vinasfm.com\/noticias\/wp-json\/wp\/v2\/comments?post=108533"}],"version-history":[{"count":1,"href":"https:\/\/vinasfm.com\/noticias\/wp-json\/wp\/v2\/posts\/108533\/revisions"}],"predecessor-version":[{"id":108540,"href":"https:\/\/vinasfm.com\/noticias\/wp-json\/wp\/v2\/posts\/108533\/revisions\/108540"}],"wp:featuredmedia":[{"embeddable":true,"href":"https:\/\/vinasfm.com\/noticias\/wp-json\/wp\/v2\/media\/108534"}],"wp:attachment":[{"href":"https:\/\/vinasfm.com\/noticias\/wp-json\/wp\/v2\/media?parent=108533"}],"wp:term":[{"taxonomy":"category","embeddable":true,"href":"https:\/\/vinasfm.com\/noticias\/wp-json\/wp\/v2\/categories?post=108533"},{"taxonomy":"post_tag","embeddable":true,"href":"https:\/\/vinasfm.com\/noticias\/wp-json\/wp\/v2\/tags?post=108533"}],"curies":[{"name":"wp","href":"https:\/\/api.w.org\/{rel}","templated":true}]}}