{"id":108512,"date":"2022-05-11T11:15:57","date_gmt":"2022-05-11T14:15:57","guid":{"rendered":"http:\/\/vinasfm.com\/noticias\/?p=108512"},"modified":"2022-05-11T11:30:01","modified_gmt":"2022-05-11T14:30:01","slug":"brindaran-una-capacitacion-sobre-discapacidad-a-trabajadores-de-la-educacion","status":"publish","type":"post","link":"https:\/\/vinasfm.com\/noticias\/brindaran-una-capacitacion-sobre-discapacidad-a-trabajadores-de-la-educacion\/","title":{"rendered":"BRINDAR\u00c1N UNA CAPACITACI\u00d3N SOBRE DISCAPACIDAD A TRABAJADORES DE LA EDUCACI\u00d3N"},"content":{"rendered":"<h4><strong><span style=\"color: #000000;\">La Direcci\u00f3n de Familia en conjunto con la Asesor\u00eda de Discapacidad trabajan para capacitar a funcionarios y empleados de la educaci\u00f3n con dos bloques tem\u00e1ticos; uno sobre la administraci\u00f3n p\u00fablica y el rol del servidor p\u00fablico y el otro sobre los aspectos introductorios a la tem\u00e1tica de la discapacidad.<\/span><\/strong><\/h4>\n<p><span style=\"color: #000000;\"><strong>La Directora de Familia, Cecilia Ariet,<\/strong> se expres\u00f3: <em><strong>&#8216;Estamos en la segunda etapa del curso de aporte a las buenas practicas para la inclusi\u00f3n es destinado para empleados o funcionarios de la educaci\u00f3n p\u00fablica&#8217;<\/strong><\/em>. Para quienes se hayan inscripto deben estar atentos a sus correos ya que ser\u00e1n notificados por esa v\u00eda, <em><strong>&#8216;se har\u00e1n a trav\u00e9s de autogesti\u00f3n y de forma virtual, estamos esperando la confirmaci\u00f3n de la fecha en la que iniciar\u00e1&#8217;<\/strong><\/em>, remarc\u00f3.<\/span><\/p>\n<p><span style=\"color: #000000;\"><strong>Tania Rocasalvo, Asesora de Discapacidad<\/strong>, se\u00f1al\u00f3:<em><strong> &#8216;Hemos tenido un n\u00famero de 120 inscriptos as\u00ed que la verdad estamos muy contentos&#8217;.<\/strong><\/em> Cada bloque cuenta con cuatro m\u00f3dulos, se enviaron los datos de quienes se hab\u00edan inscripto y fueron enviados a Mendoza al \u00e1rea de promoci\u00f3n social de la Direcci\u00f3n de Discapacidad.<\/span><\/p>\n<p><span style=\"color: #000000;\">\u2022C.F.<\/span><\/p>\n","protected":false},"excerpt":{"rendered":"<p>La Direcci\u00f3n de Familia en conjunto con la Asesor\u00eda de Discapacidad trabajan para capacitar a funcionarios y empleados de la educaci\u00f3n &#8230;<\/p>\n","protected":false},"author":7,"featured_media":108538,"comment_status":"open","ping_status":"open","sticky":false,"template":"","format":"standard","meta":{"footnotes":""},"categories":[5,10],"tags":[],"class_list":["post-108512","post","type-post","status-publish","format-standard","has-post-thumbnail","hentry","category-actualidad","category-destacadas"],"_links":{"self":[{"href":"https:\/\/vinasfm.com\/noticias\/wp-json\/wp\/v2\/posts\/108512","targetHints":{"allow":["GET"]}}],"collection":[{"href":"https:\/\/vinasfm.com\/noticias\/wp-json\/wp\/v2\/posts"}],"about":[{"href":"https:\/\/vinasfm.com\/noticias\/wp-json\/wp\/v2\/types\/post"}],"author":[{"embeddable":true,"href":"https:\/\/vinasfm.com\/noticias\/wp-json\/wp\/v2\/users\/7"}],"replies":[{"embeddable":true,"href":"https:\/\/vinasfm.com\/noticias\/wp-json\/wp\/v2\/comments?post=108512"}],"version-history":[{"count":7,"href":"https:\/\/vinasfm.com\/noticias\/wp-json\/wp\/v2\/posts\/108512\/revisions"}],"predecessor-version":[{"id":108544,"href":"https:\/\/vinasfm.com\/noticias\/wp-json\/wp\/v2\/posts\/108512\/revisions\/108544"}],"wp:featuredmedia":[{"embeddable":true,"href":"https:\/\/vinasfm.com\/noticias\/wp-json\/wp\/v2\/media\/108538"}],"wp:attachment":[{"href":"https:\/\/vinasfm.com\/noticias\/wp-json\/wp\/v2\/media?parent=108512"}],"wp:term":[{"taxonomy":"category","embeddable":true,"href":"https:\/\/vinasfm.com\/noticias\/wp-json\/wp\/v2\/categories?post=108512"},{"taxonomy":"post_tag","embeddable":true,"href":"https:\/\/vinasfm.com\/noticias\/wp-json\/wp\/v2\/tags?post=108512"}],"curies":[{"name":"wp","href":"https:\/\/api.w.org\/{rel}","templated":true}]}}