{"id":108476,"date":"2022-05-11T23:01:32","date_gmt":"2022-05-12T02:01:32","guid":{"rendered":"http:\/\/vinasfm.com\/noticias\/?p=108476"},"modified":"2022-05-12T10:24:06","modified_gmt":"2022-05-12T13:24:06","slug":"5-mil-alvearenses-recurrieron-a-las-oficinas-de-anses-en-esta-ultimas-semanas","status":"publish","type":"post","link":"https:\/\/vinasfm.com\/noticias\/5-mil-alvearenses-recurrieron-a-las-oficinas-de-anses-en-esta-ultimas-semanas\/","title":{"rendered":"CINCO MIL ALVEARENSES SE INSCRIBIERON PARA COBRAR EL REFUERZO DE INGRESO EN LA OFICINA LOCAL DE ANSES"},"content":{"rendered":"<h4><span style=\"color: #000000;\"><strong>El Refuerzo de Ingreso de ANSES, como fue denominado esta ayuda de $12.000 y de $18.000 en dos cuotas, la primera en el mes de mayo y la segunda en junio. Desde el d\u00eda 9 de mayo algunos beneficiarios pudieron visualizar el ingreso.<\/strong><\/span><\/h4>\n<p><span style=\"color: #000000;\">Incluye a trabajadores sin ingresos formales, trabajadores dom\u00e9stico, monotributistas sociales y monotributistas tipo A y B, tambi\u00e9n este refuerzo es compatible con jubilados, pensionados m\u00ednimos hasta completar los <strong>$77.200 de ingreso<\/strong>.<\/span><\/p>\n<p><span style=\"color: #000000;\">En nuestro departamento al igual que en todo el pa\u00eds <strong><em>ANSES<\/em> <\/strong>ha realizado una ardua tarea para ayudar a quienes no han podido cargar la documentaci\u00f3n o se les ha presentado alg\u00fan inconveniente. En di\u00e1logo con <strong>F.M. VI\u00d1AS, La titular de ANSES, Myrna Osorio, <\/strong>expres\u00f3: &#8216;<strong><em>Hemos estado recibiendo est\u00e1 semana y la semana anterior a quienes no les tomaba el cbu, alguna documentaci\u00f3n o est\u00e1n teniendo inconvenientes se los est\u00e1 atendiendo y lo seguiremos haciendo&#8217;.<\/em><\/strong><\/span><\/p>\n<p><span style=\"color: #000000;\">Los jubilados y pensionados desde el d\u00eda 9 de mayo empezaron a visualizar el refuerzo en sus haberes dependiendo la terminaci\u00f3n del DNI, para el resto de los inscriptos comienza el d\u00eda 19 de mayo por terminaci\u00f3n del DNI correlativamente.<\/span><\/p>\n<p><span style=\"color: #000000;\"><em><strong>&#8216;Puedo dar un n\u00famero aproximado, estuvimos ac\u00e1 en la oficina y estuvimos est\u00e1 semana en la feria de la ganader\u00eda estuvimos en horas de la ma\u00f1ana y en horas de la tarde nosotros presencialmente hemos inscripto 5 mil personas y a ese n\u00famero sumarle quienes lo han realizado de forma online&#8217;<\/strong><\/em>, remarc\u00f3.<\/span><\/p>\n<p><span style=\"color: #000000;\">Este refuerzo es un alivio para los argentinos, es una ayuda para quienes no est\u00e1n registrados, son trabajadores temporarios y esto tambi\u00e9n pone en muestra la situaci\u00f3n laboral de miles de argentinos.<\/span><\/p>\n","protected":false},"excerpt":{"rendered":"<p>El Refuerzo de Ingreso de ANSES, como fue denominado esta ayuda de $12.000 y de $18.000 en dos cuotas, la primera &#8230;<\/p>\n","protected":false},"author":7,"featured_media":108498,"comment_status":"open","ping_status":"open","sticky":false,"template":"","format":"standard","meta":{"footnotes":""},"categories":[5,50],"tags":[],"class_list":["post-108476","post","type-post","status-publish","format-standard","has-post-thumbnail","hentry","category-actualidad","category-anses"],"_links":{"self":[{"href":"https:\/\/vinasfm.com\/noticias\/wp-json\/wp\/v2\/posts\/108476","targetHints":{"allow":["GET"]}}],"collection":[{"href":"https:\/\/vinasfm.com\/noticias\/wp-json\/wp\/v2\/posts"}],"about":[{"href":"https:\/\/vinasfm.com\/noticias\/wp-json\/wp\/v2\/types\/post"}],"author":[{"embeddable":true,"href":"https:\/\/vinasfm.com\/noticias\/wp-json\/wp\/v2\/users\/7"}],"replies":[{"embeddable":true,"href":"https:\/\/vinasfm.com\/noticias\/wp-json\/wp\/v2\/comments?post=108476"}],"version-history":[{"count":8,"href":"https:\/\/vinasfm.com\/noticias\/wp-json\/wp\/v2\/posts\/108476\/revisions"}],"predecessor-version":[{"id":108557,"href":"https:\/\/vinasfm.com\/noticias\/wp-json\/wp\/v2\/posts\/108476\/revisions\/108557"}],"wp:featuredmedia":[{"embeddable":true,"href":"https:\/\/vinasfm.com\/noticias\/wp-json\/wp\/v2\/media\/108498"}],"wp:attachment":[{"href":"https:\/\/vinasfm.com\/noticias\/wp-json\/wp\/v2\/media?parent=108476"}],"wp:term":[{"taxonomy":"category","embeddable":true,"href":"https:\/\/vinasfm.com\/noticias\/wp-json\/wp\/v2\/categories?post=108476"},{"taxonomy":"post_tag","embeddable":true,"href":"https:\/\/vinasfm.com\/noticias\/wp-json\/wp\/v2\/tags?post=108476"}],"curies":[{"name":"wp","href":"https:\/\/api.w.org\/{rel}","templated":true}]}}