{"id":108470,"date":"2022-05-09T09:13:06","date_gmt":"2022-05-09T12:13:06","guid":{"rendered":"http:\/\/vinasfm.com\/noticias\/?p=108470"},"modified":"2022-05-11T09:18:46","modified_gmt":"2022-05-11T12:18:46","slug":"comenzo-el-juicio-contra-el-acusado-del-homicidio-de-felix-valdez","status":"publish","type":"post","link":"https:\/\/vinasfm.com\/noticias\/comenzo-el-juicio-contra-el-acusado-del-homicidio-de-felix-valdez\/","title":{"rendered":"COMENZ\u00d3 EL JUICIO CONTRA EL ACUSADO DEL HOMICIDIO DE F\u00c9LIX VALDEZ"},"content":{"rendered":"<h4><span style=\"color: #000000;\"><strong>Termin\u00f3 la primera jornada de declaraciones testimoniales en el juicio en el que un jurado popular deber\u00e1 decidir sobre la situaci\u00f3n penal de Catalino Dur\u00e9 Rojas, imputado por el homicidio del trabajador rural F\u00e9lix Valdez, en hechos ocurridos en junio de 2020 y que se ventilan en una sala de debates montada en el Centro de Congreso y Exposiciones Alfredo Bufano.<\/strong><\/span><\/h4>\n<p><span style=\"color: #000000;\">La jornada del lunes se inici\u00f3 con las instrucciones previas del <strong>juez N\u00e9stor Murcia<\/strong>, que comanda t\u00e9cnicamente el proceso, y luego se presentaron los alegatos de las partes intervinientes. El primero en exponer fue el fiscal Pablo Pe\u00f1asco, quien present\u00f3 los hechos de manera separada. \u201c<strong><em>Dur\u00e9 Rojas lesion\u00f3 primero a un joven. Luego, estando borracho y completamente descontrolado, amenaz\u00f3 y lesion\u00f3 a don F\u00e9lix Valdez exigi\u00e9ndole que le hiciera de comer. Tras esa pelea, olvid\u00f3 su celular en la casa de la v\u00edctima y dijo p\u00fablicamente que lo recuperar\u00eda de la manera que sea<\/em><\/strong>\u201d. <\/span><\/p>\n<p><span style=\"color: #000000;\">El fiscal sostuvo adem\u00e1s que, tras esa pelea, Valdez coment\u00f3 a sus vecinos y allegados que ten\u00eda miedo de que lo mataran y que, incluso, hab\u00eda juntado firmas para que el acusado fuera expulsado del paraje La Izuelina, en Villa Atuel. \u201c<strong><em>Luego de eso, Dur\u00e9 volvi\u00f3 a la casa de don F\u00e9lix, le cort\u00f3 el cuello, lo dej\u00f3 inconsciente en la cama y lo prendi\u00f3 fuego<\/em><\/strong>\u201d, se\u00f1al\u00f3 Pe\u00f1asco.<\/span><\/p>\n<p><span style=\"color: #000000;\">A su turno, el defensor Jorge Luque se\u00f1al\u00f3 que Dur\u00e9 Rojas se defendi\u00f3 en los dos primeros hechos. \u201c<strong><em>Va a quedar probado que no fue el \u00fanico lesionado durante esas discusiones y que se defendi\u00f3<\/em><\/strong>\u201d, dijo el letrado. En cuanto a la m\u00e1s grave de las acusaciones \u2013el homicidio de F\u00e9lix Valdez\u2013, Luque le dijo al jurado: &#8216;<strong><em>Sostenemos que Dur\u00e9 Rojas no fue la persona que mat\u00f3 a la v\u00edctima, quedar\u00e1 probado a lo largo del debate&#8217;<\/em><\/strong>.<\/span><\/p>\n<p><span style=\"color: #000000;\">A la hora de las declaraciones de los primeros testigos, una polic\u00eda afirm\u00f3 que Valdez denunci\u00f3 a Dur\u00e9 porque lo hab\u00eda amenazado. \u201c<strong><em>Estaba muy asustado y triste por lo que hab\u00eda pasado. Y tem\u00eda por su vida, porque viv\u00eda solo<\/em><\/strong>\u201d, cont\u00f3.<\/span><\/p>\n<p><span style=\"color: #000000;\">Por su parte, el joven que result\u00f3 herido en aquella ri\u00f1a en la casa de Valdez \u2013y por el que el imputado tambi\u00e9n enfrenta cargos (lesiones leves) \u2013, dijo que \u201c<strong><em>jug\u00e1bamos al f\u00fatbol y tras los partidos sol\u00edamos tomar vino y cerveza. Un d\u00eda fuimos despu\u00e9s de jugar a la casa del viejito (Valdez) porque era amigo nuestro. All\u00ed, Dur\u00e9 empez\u00f3 una pelea porque quer\u00eda comida y el viejito no ten\u00eda. Lo empez\u00f3 a amenazar; yo intent\u00e9 proteger a don F\u00e9lix y el \u2018Nieri\u2019 (Dur\u00e9) me peg\u00f3. Ca\u00ed al piso, me desmay\u00e9 y cuando me despert\u00e9 volvi\u00f3 a atacarme<\/em><\/strong>\u201d, relat\u00f3. Tras explicar esa pelea, el joven levant\u00f3 sus prendas ante el jurado y mostr\u00f3 las cicatrices que resultaron tras el ataque que sufri\u00f3 a manos del acusado.<\/span><\/p>\n<p><span style=\"color: #000000;\">Finalmente declar\u00f3 de manera virtual y desde Bolivia una hija de Valdez. \u201c<strong><em>Una vecina me avis\u00f3 por tel\u00e9fono que hab\u00eda encontrado a mi padre sin vida y quemado. Cuando llegu\u00e9 al lugar, la Polic\u00eda me pregunt\u00f3 si sab\u00eda qui\u00e9n pudo haberlo matado. El primero que se me vino a la cabeza fue Dur\u00e9, por las amenazas sufridas y la pelea que hab\u00eda tenido<\/em><\/strong>\u201d, explic\u00f3.<\/span><\/p>\n<p><span style=\"color: #000000;\">El debate se desarrolla en la sala Cha\u00f1ares del Centro de Congresos y Exposiciones \u201cAlfredo Bufano\u201d, y continuar\u00e1 hoy, desde las 9, con m\u00e1s pruebas testimoniales y materiales. Fuentes tribunalicias aseguraron que hoy declarar\u00eda el acusado. Est\u00e1 previsto que el <strong>viernes 13<\/strong> el jurado popular est\u00e9 en condiciones de emitir un veredicto.<\/span><\/p>\n<h4 style=\"text-align: center;\"><span style=\"color: #000000;\"><strong>EL HECHO (<a href=\"http:\/\/vinasfm.com\/noticias\/la-justicia-investiga-el-macabro-hallazgo-de-un-abuelo-incinerado-en-villa-atuel\/\">NOTICIA PUBLICADA EN JULIO DE 2020<\/a>)<\/strong><\/span><\/h4>\n<p><span style=\"color: #000000;\">El escalofriante hallazgo de un hombre incinerado en su <strong>vivienda donde funcionan hornos de ladrillo en el paraje La Izuelina-Villa Atuel<\/strong>&#8211; cerca de las <strong>17:00h del domingo 26 de julio de 2020<\/strong>, gener\u00f3 conmoci\u00f3n en el sur provincial y varias hip\u00f3tesis entre los investigadores del hecho.<\/span><\/p>\n<p><span style=\"color: #000000;\">Al arribar personal policial a la\u00a0<strong>vivienda ubicada en Ruta 143<\/strong>, gracias a un llamado al\u00a0<strong>911<\/strong>, observaron la puerta de ingreso completamente da\u00f1ada, desorden del mobiliario y\u00a0<strong>en el dormitorio al hombre sin signos vitales<\/strong>.\u00a0Se trata de\u00a0<strong><em>F\u00e9lix Vald\u00e9z<\/em>\u00a0<\/strong>(<strong><em>65<\/em><\/strong>),<strong>\u00a0encontrado<\/strong>\u00a0<strong>completamente calcinado sobre su cama\u00a0<\/strong>y, de acuerdo a los primeros peritos,\u00a0<strong>revistiendo varios golpes<\/strong>.<\/span><\/p>\n<p><span style=\"color: #000000;\">En un primer momento\u00a0<strong>se sospech\u00f3 que se trataba de un siniestro<\/strong>\u00a0pero luego,\u00a0<strong>cerca de las 22:00h <\/strong>de ese mismo d\u00eda\u00a0y por varios indicios,\u00a0<strong>confirmaron que el hecho sucedi\u00f3 en el contexto de un robo<\/strong>. Como primera medida,\u00a0<strong>la Justicia autoriz\u00f3 dos medidas de allanamiento<\/strong>, en la que la\u00a0<strong>Brigada de Investigaciones<\/strong>\u00a0aprehendi\u00f3 en\u00a0<strong>Colonia L\u00f3pez<\/strong>\u00a0al principal sospechoso conocido como \u00ab<strong><em>el chaque\u00f1o<\/em><\/strong>\u00bb (<strong><em>27<\/em><\/strong>) y\u00a0<strong>secuestraron elementos probatorios para la causa<\/strong>.<\/span><\/p>\n<p><span style=\"color: #000000;\">Seg\u00fan trascendi\u00f3,\u00a0<strong>la entradera se hab\u00eda producido d\u00edas atr\u00e1s<\/strong>\u00a0en la que al menos dos delincuentes lo atacaron\u00a0esgrimiendo<strong>\u00a0un arma blanca<\/strong>. Seguidamente\u00a0<strong>se apoderaron de varios elementos de valor<\/strong>. De acuerdo a fuentes policiales,\u00a0<em><strong>el incendio fue producido para esconder el primer il\u00edcito<\/strong><\/em>.\u00a0<\/span><\/p>\n<p>&nbsp;<\/p>\n","protected":false},"excerpt":{"rendered":"<p>Termin\u00f3 la primera jornada de declaraciones testimoniales en el juicio en el que un jurado popular deber\u00e1 decidir sobre la situaci\u00f3n &#8230;<\/p>\n","protected":false},"author":8,"featured_media":108471,"comment_status":"open","ping_status":"open","sticky":false,"template":"","format":"standard","meta":{"footnotes":""},"categories":[5,22],"tags":[],"class_list":["post-108470","post","type-post","status-publish","format-standard","has-post-thumbnail","hentry","category-actualidad","category-justicia"],"_links":{"self":[{"href":"https:\/\/vinasfm.com\/noticias\/wp-json\/wp\/v2\/posts\/108470","targetHints":{"allow":["GET"]}}],"collection":[{"href":"https:\/\/vinasfm.com\/noticias\/wp-json\/wp\/v2\/posts"}],"about":[{"href":"https:\/\/vinasfm.com\/noticias\/wp-json\/wp\/v2\/types\/post"}],"author":[{"embeddable":true,"href":"https:\/\/vinasfm.com\/noticias\/wp-json\/wp\/v2\/users\/8"}],"replies":[{"embeddable":true,"href":"https:\/\/vinasfm.com\/noticias\/wp-json\/wp\/v2\/comments?post=108470"}],"version-history":[{"count":2,"href":"https:\/\/vinasfm.com\/noticias\/wp-json\/wp\/v2\/posts\/108470\/revisions"}],"predecessor-version":[{"id":108475,"href":"https:\/\/vinasfm.com\/noticias\/wp-json\/wp\/v2\/posts\/108470\/revisions\/108475"}],"wp:featuredmedia":[{"embeddable":true,"href":"https:\/\/vinasfm.com\/noticias\/wp-json\/wp\/v2\/media\/108471"}],"wp:attachment":[{"href":"https:\/\/vinasfm.com\/noticias\/wp-json\/wp\/v2\/media?parent=108470"}],"wp:term":[{"taxonomy":"category","embeddable":true,"href":"https:\/\/vinasfm.com\/noticias\/wp-json\/wp\/v2\/categories?post=108470"},{"taxonomy":"post_tag","embeddable":true,"href":"https:\/\/vinasfm.com\/noticias\/wp-json\/wp\/v2\/tags?post=108470"}],"curies":[{"name":"wp","href":"https:\/\/api.w.org\/{rel}","templated":true}]}}