{"id":108467,"date":"2022-05-17T10:25:40","date_gmt":"2022-05-17T13:25:40","guid":{"rendered":"http:\/\/vinasfm.com\/noticias\/?p=108467"},"modified":"2022-05-17T10:32:51","modified_gmt":"2022-05-17T13:32:51","slug":"el-registro-de-uso-de-la-tierra-pasara-a-ser-digital-la-inscripcion-sera-obligatoria","status":"publish","type":"post","link":"https:\/\/vinasfm.com\/noticias\/el-registro-de-uso-de-la-tierra-pasara-a-ser-digital-la-inscripcion-sera-obligatoria\/","title":{"rendered":"EL REGISTRO DE USO DE LA TIERRA PASAR\u00c1 A SER DIGITAL: LA INSCRIPCI\u00d3N SER\u00c1 OBLIGATORIA"},"content":{"rendered":"<h4><span style=\"color: #000000;\"><strong>El 6 de mayo el Registro de Uso de la Tierra (RUT) comenz\u00f3 a funcionar de manera digital. Con esta innovaci\u00f3n se busca mejorar la transparencia y accesibilidad para los usuarios. La nueva plataforma concentrar\u00e1 los datos de las propiedades utilizadas para la producci\u00f3n vit\u00edcola, frut\u00edcola, hort\u00edcola, forrajera, etc.<\/strong><\/span><\/h4>\n<p><span style=\"color: #000000;\">Los datos cargados en el sistema anterior dejar\u00e1n de tener vigencia el 31 de mayo de 2022. Por lo tanto, todos los productores deber\u00e1n empadronarse en el RUT Digital. La inscripci\u00f3n es obligatoria. La Ley Provincial 4438 establece que los productores agr\u00edcolas, sean o no propietarios, est\u00e1n obligados a suministrar, bajo declaraci\u00f3n jurada, las informaciones que disponga el <strong>Poder Ejecutivo de la Provincia<\/strong>.<\/span><\/p>\n<p><span style=\"color: #000000;\">El empadronamiento en el <strong>RUT Digital<\/strong> permite obtener la identificaci\u00f3n de los establecimientos, que es el documento b\u00e1sico para realizar cualquier tipo de tr\u00e1mite. Sin la nueva identificaci\u00f3n del RUT no se podr\u00e1n realizar las denuncias de da\u00f1os por contingencias clim\u00e1ticas, no estar\u00e1 habilitado el acceso a los sistemas de compensaci\u00f3n, ni obtener los beneficios de la Ley de Emergencia Agropecuaria.<\/span><\/p>\n<p><span style=\"color: #000000;\">Para completar la inscripci\u00f3n en el RUT Digital se debe ingresar a trav\u00e9s del <strong>Sistema de Informaci\u00f3n Agr\u00edcola<\/strong>, crear una cuenta particular y completar una declaraci\u00f3n jurada con informaci\u00f3n de quien hace el uso de la tierra, de la propiedad y de los cultivos. Adem\u00e1s, se deber\u00e1 adjuntar la documentaci\u00f3n digitalizada que acredite los datos cargados.<\/span><\/p>\n","protected":false},"excerpt":{"rendered":"<p>El 6 de mayo el Registro de Uso de la Tierra (RUT) comenz\u00f3 a funcionar de manera digital. Con esta innovaci\u00f3n &#8230;<\/p>\n","protected":false},"author":8,"featured_media":98321,"comment_status":"open","ping_status":"open","sticky":false,"template":"","format":"standard","meta":{"footnotes":""},"categories":[5,14],"tags":[],"class_list":["post-108467","post","type-post","status-publish","format-standard","has-post-thumbnail","hentry","category-actualidad","category-agro"],"_links":{"self":[{"href":"https:\/\/vinasfm.com\/noticias\/wp-json\/wp\/v2\/posts\/108467","targetHints":{"allow":["GET"]}}],"collection":[{"href":"https:\/\/vinasfm.com\/noticias\/wp-json\/wp\/v2\/posts"}],"about":[{"href":"https:\/\/vinasfm.com\/noticias\/wp-json\/wp\/v2\/types\/post"}],"author":[{"embeddable":true,"href":"https:\/\/vinasfm.com\/noticias\/wp-json\/wp\/v2\/users\/8"}],"replies":[{"embeddable":true,"href":"https:\/\/vinasfm.com\/noticias\/wp-json\/wp\/v2\/comments?post=108467"}],"version-history":[{"count":1,"href":"https:\/\/vinasfm.com\/noticias\/wp-json\/wp\/v2\/posts\/108467\/revisions"}],"predecessor-version":[{"id":108468,"href":"https:\/\/vinasfm.com\/noticias\/wp-json\/wp\/v2\/posts\/108467\/revisions\/108468"}],"wp:featuredmedia":[{"embeddable":true,"href":"https:\/\/vinasfm.com\/noticias\/wp-json\/wp\/v2\/media\/98321"}],"wp:attachment":[{"href":"https:\/\/vinasfm.com\/noticias\/wp-json\/wp\/v2\/media?parent=108467"}],"wp:term":[{"taxonomy":"category","embeddable":true,"href":"https:\/\/vinasfm.com\/noticias\/wp-json\/wp\/v2\/categories?post=108467"},{"taxonomy":"post_tag","embeddable":true,"href":"https:\/\/vinasfm.com\/noticias\/wp-json\/wp\/v2\/tags?post=108467"}],"curies":[{"name":"wp","href":"https:\/\/api.w.org\/{rel}","templated":true}]}}