{"id":108463,"date":"2022-05-10T00:01:02","date_gmt":"2022-05-10T03:01:02","guid":{"rendered":"http:\/\/vinasfm.com\/noticias\/?p=108463"},"modified":"2022-05-11T08:42:43","modified_gmt":"2022-05-11T11:42:43","slug":"periodistas-e-influencers-visitaron-alvear-durante-la-fiesta-de-la-ganaderia","status":"publish","type":"post","link":"https:\/\/vinasfm.com\/noticias\/periodistas-e-influencers-visitaron-alvear-durante-la-fiesta-de-la-ganaderia\/","title":{"rendered":"PERIODISTAS E INFLUENCERS VISITARON ALVEAR DURANTE LA FIESTA DE LA GANADER\u00cdA"},"content":{"rendered":"<h4><span style=\"color: #000000;\"><strong>Periodistas e Influencers difundieron la experiencia vivida en General Alvear en el marco de la Fiesta Nacional de la Ganader\u00eda, una gran oportunidad de promoci\u00f3n para el sector tur\u00edstico de nuestro departamento.<\/strong><\/span><\/h4>\n<p><span style=\"color: #000000;\">Sin dudas, contar con la posibilidad de tener en nuestro departamento a periodistas e influencers de nivel nacional es una gran oportunidad de promoci\u00f3n para el sector tur\u00edstico del departamento ya que se comparten estas experiencias con una gran cantidad de p\u00fablico que, de otro modo, no conocer\u00eda las bondades que General Alvear tiene para ofrecer. <\/span><\/p>\n<p><span style=\"color: #000000;\">Nicol\u00e1s Peralta, panelista de Flor de Equipo, que se emite por Telef\u00e9, y adem\u00e1s es miembro de <strong>APTRA<\/strong>, dijo: \u201c<strong><em>Es mi segunda vez en Alvear, realmente es impresionante porque fueron dos experiencias totalmente distintas. En cualquier momento que vengas al departamento pod\u00e9s realizar un mont\u00f3n de actividades, como visitar bodegas, conocer el r\u00edo. Realmente quiero volver<\/em><\/strong>\u201d.<\/span><\/p>\n<p><span style=\"color: #000000;\">Asimismo Mariana Contartessi, periodista y conductora en Am\u00e9rica TV y Radio La Red, expres\u00f3: \u201c<strong><em>La gente es muy amable y c\u00e1lida. General Alvear tiene vi\u00f1edos, turismo rural, tiene noche, y adem\u00e1s est\u00e1 ubicado en un punto estrat\u00e9gico. Quiero destacar el trabajo que se realiza con la miel y los vi\u00f1edos, que son exquisitos<\/em><\/strong>\u201d. En la misma l\u00ednea, Fede Popgold, Influencer, Youtuber y Conductor de Radio AM990, manifest\u00f3: \u201c<strong><em>Estoy muy contento de haber vuelto, a todos mis conocidos les digo que no conocen Mendoza si no vienen a General Alvear. Me encant\u00f3 la Fiesta de la Ganader\u00eda, que es una gran experiencia para vivir, pero sino en cualquier momento del a\u00f1o es bueno visitar este departamento<\/em><\/strong>\u201d.<\/span><\/p>\n<p><span style=\"color: #000000;\">Julieta Navarro, conductora de TV e influencer, se mostr\u00f3 sorprendida por el crecimiento que ha tenido en los \u00faltimos a\u00f1os la Fiesta de la Ganader\u00eda: \u201c<strong><em>Me siento orgullosa de poder recibir a gente de afuera y contarles que esta es nuestra provincia, es espectacular poder tener la posibilidad de mostrar lo que tiene Mendoza<\/em><\/strong>\u201d. <\/span><\/p>\n<p><span style=\"color: #000000;\">Mery Granados, cantante e Influencer, se refiri\u00f3 a su experiencia en nuestro departamento: \u201c<strong><em>Nunca hab\u00eda venido a General Alvear, realmente la pasamos muy bien, la gente nos recibi\u00f3 de manera muy c\u00e1lida y estoy segura que la gente que nos sigue se va a entusiasmar con el departamento<\/em><\/strong>\u201d. Finalmente, Camil\u00fa, Cantante e Influencer, tambi\u00e9n destac\u00f3 las bondades de nuestro departamento: \u201c<strong><em>Es muy hermoso, siento que hay mucho por conocer y eso nos da ganas de volver para seguir recorriendo. Los lugares que hemos visitado fueron muy lindos y nos hicieron sentir muy c\u00f3modos<\/em><\/strong>\u201d.<\/span><\/p>\n","protected":false},"excerpt":{"rendered":"<p>Periodistas e Influencers difundieron la experiencia vivida en General Alvear en el marco de la Fiesta Nacional de la Ganader\u00eda, una &#8230;<\/p>\n","protected":false},"author":8,"featured_media":108464,"comment_status":"open","ping_status":"open","sticky":false,"template":"","format":"standard","meta":{"footnotes":""},"categories":[5,10],"tags":[],"class_list":["post-108463","post","type-post","status-publish","format-standard","has-post-thumbnail","hentry","category-actualidad","category-destacadas"],"_links":{"self":[{"href":"https:\/\/vinasfm.com\/noticias\/wp-json\/wp\/v2\/posts\/108463","targetHints":{"allow":["GET"]}}],"collection":[{"href":"https:\/\/vinasfm.com\/noticias\/wp-json\/wp\/v2\/posts"}],"about":[{"href":"https:\/\/vinasfm.com\/noticias\/wp-json\/wp\/v2\/types\/post"}],"author":[{"embeddable":true,"href":"https:\/\/vinasfm.com\/noticias\/wp-json\/wp\/v2\/users\/8"}],"replies":[{"embeddable":true,"href":"https:\/\/vinasfm.com\/noticias\/wp-json\/wp\/v2\/comments?post=108463"}],"version-history":[{"count":2,"href":"https:\/\/vinasfm.com\/noticias\/wp-json\/wp\/v2\/posts\/108463\/revisions"}],"predecessor-version":[{"id":108466,"href":"https:\/\/vinasfm.com\/noticias\/wp-json\/wp\/v2\/posts\/108463\/revisions\/108466"}],"wp:featuredmedia":[{"embeddable":true,"href":"https:\/\/vinasfm.com\/noticias\/wp-json\/wp\/v2\/media\/108464"}],"wp:attachment":[{"href":"https:\/\/vinasfm.com\/noticias\/wp-json\/wp\/v2\/media?parent=108463"}],"wp:term":[{"taxonomy":"category","embeddable":true,"href":"https:\/\/vinasfm.com\/noticias\/wp-json\/wp\/v2\/categories?post=108463"},{"taxonomy":"post_tag","embeddable":true,"href":"https:\/\/vinasfm.com\/noticias\/wp-json\/wp\/v2\/tags?post=108463"}],"curies":[{"name":"wp","href":"https:\/\/api.w.org\/{rel}","templated":true}]}}