{"id":108449,"date":"2022-05-10T10:08:27","date_gmt":"2022-05-10T13:08:27","guid":{"rendered":"http:\/\/vinasfm.com\/noticias\/?p=108449"},"modified":"2022-05-11T09:16:10","modified_gmt":"2022-05-11T12:16:10","slug":"historico-remate-feria-en-la-41o-edicion-de-la-fiesta-nacional-de-la-ganaderia","status":"publish","type":"post","link":"https:\/\/vinasfm.com\/noticias\/historico-remate-feria-en-la-41o-edicion-de-la-fiesta-nacional-de-la-ganaderia\/","title":{"rendered":"HIST\u00d3RICO REMATE FERIA EN LA 41\u00ba EDICI\u00d3N DE LA FIESTA NACIONAL DE LA GANADER\u00cdA"},"content":{"rendered":"<h4><strong><span style=\"color: #000000;\">El d\u00eda viernes en horas de la tarde se realiz\u00f3 el tradicional remate feria en los corrales del predio, ofrecido por las dos grandes firmas departamentales un remate hist\u00f3rico para nuestro departamento con la comercializaci\u00f3n de m\u00e1s de 3.200 animales.<\/span><\/strong><\/h4>\n<p><span style=\"color: #000000;\">Esta <strong>41\u00ba edici\u00f3n de la Fiesta Nacional de la Ganader\u00eda<\/strong> fue considerada record en todas las areas de la feria, as\u00ed fue como el remate fer\u00eda presentado por las distintas firmas del departamento superaron sus expectativas en n\u00fameros y calidad del ganado presentado.\u00a0<\/span><\/p>\n<p><span style=\"color: #000000;\">Entre las dos firmas ferieras se destaca el trabajo de <strong>Juan Carlos Pinto-Aguirre Vazquez<\/strong>, quien desde hace 14 a\u00f1os acompa\u00f1a y trabaja en los remate ferias de la Fiesta Nacional de la Ganader\u00eda, este a\u00f1o supero sus propios record en n\u00famero de cabezas a rematar con <strong>m\u00e1s de 1.800 animales de alta calidad en cada categor\u00eda<\/strong>.\u00a0<\/span><\/p>\n<p><span style=\"color: #000000;\">Se allegaron al departamento compradores de otras provincias reconociendo la alta calidad del ganado de la provincia de Mendoza, se vendieron todos los <strong>lotes de terneros llegando a $448 por kg<\/strong>, <strong>las vaquillonas pre\u00f1adas llegaron hasta $160 mil<\/strong> buen precio para la categor\u00eda y en la categor\u00eda<strong> toros productores entre $350 mil y $380 mil los precios fueron record para el remate de la feria exposici\u00f3n.\u00a0<\/strong><\/span><\/p>\n<p><span style=\"color: #000000;\">El pedido de mejora en los caminos ganaderos es un pedido que nunca termina por parte de los productores, un reclamo que esta edici\u00f3n se volvi\u00f3 a escuchar, la dificultad que se presenta en los productores para mover su hacienda, los productores no cuentan con caminos aptos para sacar la hacienda y por parte del gobierno no hay plan ganadero para darle soluci\u00f3n a esta problem\u00e1tica\u00a0<\/span><\/p>\n<p><span style=\"color: #000000;\">Todos los funcionarios de gobiernos llegan a la feria exposici\u00f3n con sus discursos mencionando las mejores que se deber\u00edan llevar a cabo en los caminos ganaderos y esto queda en discursos porque no hay avance en las mejoras y los productores siguen trabajando e invirtiendo pero sin encontrar respuesta por parte de las autoridades de la provincia, ni de vialidad nacional.\u00a0<\/span><\/p>\n<p><span style=\"color: #000000;\">\u2022C.F<\/span><\/p>\n","protected":false},"excerpt":{"rendered":"<p>El d\u00eda viernes en horas de la tarde se realiz\u00f3 el tradicional remate feria en los corrales del predio, ofrecido por &#8230;<\/p>\n","protected":false},"author":7,"featured_media":108472,"comment_status":"open","ping_status":"open","sticky":false,"template":"","format":"standard","meta":{"footnotes":""},"categories":[5,24],"tags":[],"class_list":["post-108449","post","type-post","status-publish","format-standard","has-post-thumbnail","hentry","category-actualidad","category-ganaderia"],"_links":{"self":[{"href":"https:\/\/vinasfm.com\/noticias\/wp-json\/wp\/v2\/posts\/108449","targetHints":{"allow":["GET"]}}],"collection":[{"href":"https:\/\/vinasfm.com\/noticias\/wp-json\/wp\/v2\/posts"}],"about":[{"href":"https:\/\/vinasfm.com\/noticias\/wp-json\/wp\/v2\/types\/post"}],"author":[{"embeddable":true,"href":"https:\/\/vinasfm.com\/noticias\/wp-json\/wp\/v2\/users\/7"}],"replies":[{"embeddable":true,"href":"https:\/\/vinasfm.com\/noticias\/wp-json\/wp\/v2\/comments?post=108449"}],"version-history":[{"count":5,"href":"https:\/\/vinasfm.com\/noticias\/wp-json\/wp\/v2\/posts\/108449\/revisions"}],"predecessor-version":[{"id":108529,"href":"https:\/\/vinasfm.com\/noticias\/wp-json\/wp\/v2\/posts\/108449\/revisions\/108529"}],"wp:featuredmedia":[{"embeddable":true,"href":"https:\/\/vinasfm.com\/noticias\/wp-json\/wp\/v2\/media\/108472"}],"wp:attachment":[{"href":"https:\/\/vinasfm.com\/noticias\/wp-json\/wp\/v2\/media?parent=108449"}],"wp:term":[{"taxonomy":"category","embeddable":true,"href":"https:\/\/vinasfm.com\/noticias\/wp-json\/wp\/v2\/categories?post=108449"},{"taxonomy":"post_tag","embeddable":true,"href":"https:\/\/vinasfm.com\/noticias\/wp-json\/wp\/v2\/tags?post=108449"}],"curies":[{"name":"wp","href":"https:\/\/api.w.org\/{rel}","templated":true}]}}