{"id":108391,"date":"2022-05-09T00:10:38","date_gmt":"2022-05-09T03:10:38","guid":{"rendered":"http:\/\/vinasfm.com\/noticias\/?p=108391"},"modified":"2022-05-11T08:58:02","modified_gmt":"2022-05-11T11:58:02","slug":"fabio-gomez-parra-es-el-nuevo-director-general-del-ministerio-de-salud-en-el-sur-provincial","status":"publish","type":"post","link":"https:\/\/vinasfm.com\/noticias\/fabio-gomez-parra-es-el-nuevo-director-general-del-ministerio-de-salud-en-el-sur-provincial\/","title":{"rendered":"FABIO G\u00d3MEZ PARRA ES EL NUEVO DIRECTOR GENERAL DEL MINISTERIO DE SALUD EN EL SUR PROVINCIAL"},"content":{"rendered":"<h4><span style=\"color: #000000;\"><strong>Fabio Enrique G\u00f3mez Parra qued\u00f3 a\u00a0cargo de la Direcci\u00f3n General Regi\u00f3n Sur y Alejandro Torres es el nuevo director del Hospital Enfermeros Argentinos. En el acto, tanto el Gobernador Rodolfo Suarez como la ministra de Salud, Ana Mar\u00eda Nadal, destacaron el trabajo de Abel Freidemberg, quien tuvo a cargo la regional hasta el momento, adem\u00e1s de la gran cantidad de inversiones realizadas en infraestructura sanitaria en el Sur.<\/strong><\/span><\/h4>\n<p><span style=\"color: #000000;\">El Gobernador Rodolfo Suarez, junto a la ministra de Salud, Desarrollo Social y deportes, Ana Mar\u00eda Nadal, pusieron en funciones al odont\u00f3logo Fabio Enrique G\u00f3mez Parra, quien qued\u00f3 a cargo de la Direcci\u00f3n General Regi\u00f3n Sur. Esta etapa viene a darle continuidad a la gesti\u00f3n realizada por el m\u00e9dico pediatra Abel Freidemberg.<\/span><\/p>\n<p><span style=\"color: #000000;\">En el acto, el Gobernador Rodolfo Suarez destac\u00f3 el valor humano de Abel Freidemberg, a qui\u00e9n calific\u00f3 como \u201cun buen vecino de la comunidad\u201d adem\u00e1s de su destacada labor de gesti\u00f3n al frente de la Regional Sur de Salud.<\/span><\/p>\n<p><span style=\"color: #000000;\">Suarez agradeci\u00f3 a todo el personal m\u00e9dico y administrativo del hospital por el trabajo realizado durante la pandemia. \u201cQueremos acompa\u00f1arlos en su trabajo con todas las herramientas que tenemos a nuestro alcance, por ejemplo, la licitaci\u00f3n que se abrir\u00e1 en los pr\u00f3ximos d\u00edas para ampliar este Hospital Enfermeros Argentinos, y seguir avanzando con infraestructura que se viene haciendo desde 2015, con una inversi\u00f3n hist\u00f3rica en salud\u201d, explic\u00f3 el Gobernador.<\/span><\/p>\n<h4><span style=\"color: #000000;\"><strong>Contin\u00faan las inversiones sanitarias en el Sur<\/strong><\/span><\/h4>\n<p><span style=\"color: #000000;\">A su turno, la ministra Ana Mar\u00eda Nadal sostuvo que \u201cla salud en el Sur ha cambiado porque se ha hecho una fuert\u00edsima inversi\u00f3n en infraestructura, a la cabeza con los mil millones de pesos en el Hospital Teodoro Juan Schestakow, de San Rafael, que le ha dado a esta regi\u00f3n la capacidad de ser resolutiva regionalmente casi en el cien por cien de todas las personas en el Sur\u201d.<\/span><\/p>\n<p><span style=\"color: #000000;\">La ministra tambi\u00e9n destac\u00f3 la inauguraci\u00f3n de centros de salud importantes, uno en Bowen y dos en el departamento de San Rafael, adem\u00e1s de una fuerte inversi\u00f3n en equipamiento para el hospital de Malarg\u00fce.<\/span><\/p>\n<p><span style=\"color: #000000;\">\u201cPudimos resolver la situaci\u00f3n de la pandemia porque el Sur estaba equipado con una fuerte tecnolog\u00eda de m\u00e1s de cien millones de pesos\u201d, sostuvo Nadal. Sobre este punto, la ministra agreg\u00f3 que, entre otros aportes, se ampli\u00f3 la cantidad de camas del Hospital Enfermero Argentinos de 4 a 18 en terapia intensiva.<\/span><\/p>\n<p><span style=\"color: #000000;\">\u201cAdem\u00e1s, triplicamos la asistencia de ox\u00edgeno para estas unidades intensivas y se resolvi\u00f3 uno de los peores momentos de la pandemia que comenz\u00f3 por General Alvear\u201d, record\u00f3 Nadal.<\/span><\/p>\n<p><span style=\"color: #000000;\">Finalmente, agradeci\u00f3 al doctor Abel Freidemberg y le dese\u00f3 suerte en su nueva tarea legislativa, y a los nuevos directores los inst\u00f3 a seguir con la tarea \u201cporque hay mucho para profundizar y seguir con el desaf\u00edo de aplicar las inversiones, por ejemplo, en la guardia del Hospital Enfermeros Argentinos\u201d.<\/span><\/p>\n<h4><span style=\"color: #000000;\"><strong>Isgr\u00f3 anunci\u00f3 la licitaci\u00f3n de obras para el Sur este mes<\/strong><\/span><\/h4>\n<p><span style=\"color: #000000;\">En el marco del acto, en el que estuvieron presentes tambi\u00e9n el intendente de General Alvear, Walther Marcolini, adem\u00e1s de miembros el Gabinete provincial y autoridades legislativas, el ministro de Planificaci\u00f3n e Infraestructura, Mario Isgr\u00f3, dijo que\u00a0el Hospital Enfermeros Argentinos est\u00e1 necesitando la terminaci\u00f3n, ampliaci\u00f3n y remuneraci\u00f3n de la guardia.<\/span><\/p>\n<p><span style=\"color: #000000;\">\u00a0\u201cEs por ello que estamos en marcha con el proceso de licitaci\u00f3n. Se public\u00f3 a principios de mayo y el 26 estaremos abriendo los sobre para conocer las ofertas. Esperamos cuanto antes comenzar con la obra. Los trabajos impactar\u00e1n de manera directa en la calidad de prestaciones del hospital\u201d, anunci\u00f3 el ministro.<\/span><\/p>\n<p><span style=\"color: #000000;\">Al respecto, record\u00f3 que la inversi\u00f3n para las obras en el hospital es superior a 227 millones de pesos. Una vez adjudicada, la empresa responsable tendr\u00e1 un plazo de de 12 meses.<\/span><\/p>\n<p><span style=\"color: #000000;\">Tambi\u00e9n en materia de obras en General Alvear, el 24 de mayo se abrir\u00e1n sobres para refuncionalizar la Escuela Ana Mar\u00eda Polito de Fiondella, con una inversi\u00f3n superior a 117 millones de pesos.<\/span><\/p>\n<h4><span style=\"color: #000000;\"><strong>El camino recorrido por las nuevas autoridades sanitarias del Sur<\/strong><\/span><\/h4>\n<p><span style=\"color: #000000;\">El actual representante del Ministerio de Salud, Desarrollo Social y Deportes en la regi\u00f3n Sur comenz\u00f3 su camino en el Estado hace 25 a\u00f1os, desarrollando su profesi\u00f3n no solo en su especialidad, sino tambi\u00e9n dirigiendo el comit\u00e9 de docencia e investigaci\u00f3n del hospital y prestando servicios en el \u00e1rea sanitaria de General Alvear.<\/span><\/p>\n<p><span style=\"color: #000000;\">En su antiguo cargo como director del hospital, se nombr\u00f3 al m\u00e9dico anestesista\u00a0Alejandro Torres, quien hasta hoy desempe\u00f1\u00f3 su funci\u00f3n como gerente asistencial del Hospital Enfermeros Argentinos, trabajando en equipo con G\u00f3mez Parra.<\/span><\/p>\n","protected":false},"excerpt":{"rendered":"<p>Fabio Enrique G\u00f3mez Parra qued\u00f3 a\u00a0cargo de la Direcci\u00f3n General Regi\u00f3n Sur y Alejandro Torres es el nuevo director del Hospital &#8230;<\/p>\n","protected":false},"author":8,"featured_media":108392,"comment_status":"open","ping_status":"open","sticky":false,"template":"","format":"standard","meta":{"footnotes":""},"categories":[5,15],"tags":[],"class_list":["post-108391","post","type-post","status-publish","format-standard","has-post-thumbnail","hentry","category-actualidad","category-salud"],"_links":{"self":[{"href":"https:\/\/vinasfm.com\/noticias\/wp-json\/wp\/v2\/posts\/108391","targetHints":{"allow":["GET"]}}],"collection":[{"href":"https:\/\/vinasfm.com\/noticias\/wp-json\/wp\/v2\/posts"}],"about":[{"href":"https:\/\/vinasfm.com\/noticias\/wp-json\/wp\/v2\/types\/post"}],"author":[{"embeddable":true,"href":"https:\/\/vinasfm.com\/noticias\/wp-json\/wp\/v2\/users\/8"}],"replies":[{"embeddable":true,"href":"https:\/\/vinasfm.com\/noticias\/wp-json\/wp\/v2\/comments?post=108391"}],"version-history":[{"count":1,"href":"https:\/\/vinasfm.com\/noticias\/wp-json\/wp\/v2\/posts\/108391\/revisions"}],"predecessor-version":[{"id":108393,"href":"https:\/\/vinasfm.com\/noticias\/wp-json\/wp\/v2\/posts\/108391\/revisions\/108393"}],"wp:featuredmedia":[{"embeddable":true,"href":"https:\/\/vinasfm.com\/noticias\/wp-json\/wp\/v2\/media\/108392"}],"wp:attachment":[{"href":"https:\/\/vinasfm.com\/noticias\/wp-json\/wp\/v2\/media?parent=108391"}],"wp:term":[{"taxonomy":"category","embeddable":true,"href":"https:\/\/vinasfm.com\/noticias\/wp-json\/wp\/v2\/categories?post=108391"},{"taxonomy":"post_tag","embeddable":true,"href":"https:\/\/vinasfm.com\/noticias\/wp-json\/wp\/v2\/tags?post=108391"}],"curies":[{"name":"wp","href":"https:\/\/api.w.org\/{rel}","templated":true}]}}