{"id":108370,"date":"2022-05-09T00:02:16","date_gmt":"2022-05-09T03:02:16","guid":{"rendered":"http:\/\/vinasfm.com\/noticias\/?p=108370"},"modified":"2022-05-10T08:52:33","modified_gmt":"2022-05-10T11:52:33","slug":"cocineros-argentinos-estuvo-presente-en-la-41a-fiesta-nacional-de-la-ganaderia","status":"publish","type":"post","link":"https:\/\/vinasfm.com\/noticias\/cocineros-argentinos-estuvo-presente-en-la-41a-fiesta-nacional-de-la-ganaderia\/","title":{"rendered":"COCINEROS ARGENTINOS ESTUVO PRESENTE EN LA 41\u00aa FIESTA NACIONAL DE LA GANADER\u00cdA"},"content":{"rendered":"<h4><span style=\"color: #000000;\"><strong>Juan Braceli, del tradicional programa de cocina de la Tv P\u00fablica, junto a un gran equipo de trabajo estuvieron en el predio ferial para dar a conocer la diversidad de materias primas, productos, gastronom\u00eda, a sus elaboradores, al igual que al evento mayor que se organiza en nuestro Departamento.<\/strong><\/span><\/h4>\n<p><span style=\"color: #000000;\">El Intendente Walther Marcolini agradeci\u00f3 a Juan Braceli y al equipo de producci\u00f3n de Cocineros Argentinos por haber llegado a General Alvear, por mostrar en la Tv P\u00fablica a los hacedores alvearenses, a los artesanos y gastron\u00f3micos, adem\u00e1s de mostrar la variedad de nuestra producci\u00f3n local. Igualmente, destac\u00f3 el trabajo de la Secretar\u00eda de Desarrollo y Promoci\u00f3n departamental, Feria de finca, Municipio Saludable y felicit\u00f3 a la C\u00e1mara de Comercio por la oportunidad que se ha logrado en el marco de la 41 Fiesta de la Ganader\u00eda, de poder mostrar el potencial enorme que tiene General Alvear.<\/span><\/p>\n<p><span style=\"color: #000000;\">\u201c<strong><em>Esto es bueno para el Departamento, para hacer trascender su turismo, su gastronom\u00eda y para hacer crecer la Fiesta de la Ganader\u00eda. Por la Tv p\u00fablica se pudo apreciar y se hizo una puesta en valor de nuestra fruta seca, de buenos costillares, productos de cerdo, de nuestra agricultura, dulces. Se trata de un momento especial de la Feria, le ha puesto un toque especial, ha hecho que General Alvear pueda trascender, por eso aprovecho para invitar a todos los argentinos y a los extranjeros a venir al Departamento, a conocerlo, a disfrutarlo y a venirse a vivir<\/em><\/strong>\u201d.<\/span><\/p>\n<p><span style=\"color: #000000;\">Por su parte, Juan Braceli expres\u00f3: \u201c<strong><em>Ha sido un m\u00f3vil hermoso, con todas las caracter\u00edsticas de General Alvear, que es lo que buscamos en Cocineros Argentinos, que los lugares se cuenten a partir de su gente, de sus historias, de su cocina, de sus productos, sus tradiciones y hoy lo pudimos hacer. Hicimos un paneo de todo lo que hay, estuvo bien representado. Aqu\u00ed estuvo presente el equipo de la Tv p\u00fablica, de la productora, de la Intendencia, de la C\u00e1mara de Comercio. En un programa de 2h y media, el 80% del mismo sali\u00f3 desde el m\u00f3vil presente ac\u00e1, para lo cual resulta fundamental arrancar temprano por la ma\u00f1ana para que, por ejemplo, los costillares est\u00e9n listos durante la emisi\u00f3n del programa. La fruta seca alvearense es excelente por su calidad y su tama\u00f1o; la carne tambi\u00e9n, prob\u00e9 una costillita en un corte del programa, la gloria misma. Todo muy bueno, con gente queriendo mostrar lo que hace, con calidad<\/em><\/strong>\u201d.<\/span><\/p>\n","protected":false},"excerpt":{"rendered":"<p>Juan Braceli, del tradicional programa de cocina de la Tv P\u00fablica, junto a un gran equipo de trabajo estuvieron en el &#8230;<\/p>\n","protected":false},"author":8,"featured_media":108424,"comment_status":"open","ping_status":"open","sticky":false,"template":"","format":"standard","meta":{"footnotes":""},"categories":[5,10],"tags":[],"class_list":["post-108370","post","type-post","status-publish","format-standard","has-post-thumbnail","hentry","category-actualidad","category-destacadas"],"_links":{"self":[{"href":"https:\/\/vinasfm.com\/noticias\/wp-json\/wp\/v2\/posts\/108370","targetHints":{"allow":["GET"]}}],"collection":[{"href":"https:\/\/vinasfm.com\/noticias\/wp-json\/wp\/v2\/posts"}],"about":[{"href":"https:\/\/vinasfm.com\/noticias\/wp-json\/wp\/v2\/types\/post"}],"author":[{"embeddable":true,"href":"https:\/\/vinasfm.com\/noticias\/wp-json\/wp\/v2\/users\/8"}],"replies":[{"embeddable":true,"href":"https:\/\/vinasfm.com\/noticias\/wp-json\/wp\/v2\/comments?post=108370"}],"version-history":[{"count":2,"href":"https:\/\/vinasfm.com\/noticias\/wp-json\/wp\/v2\/posts\/108370\/revisions"}],"predecessor-version":[{"id":108425,"href":"https:\/\/vinasfm.com\/noticias\/wp-json\/wp\/v2\/posts\/108370\/revisions\/108425"}],"wp:featuredmedia":[{"embeddable":true,"href":"https:\/\/vinasfm.com\/noticias\/wp-json\/wp\/v2\/media\/108424"}],"wp:attachment":[{"href":"https:\/\/vinasfm.com\/noticias\/wp-json\/wp\/v2\/media?parent=108370"}],"wp:term":[{"taxonomy":"category","embeddable":true,"href":"https:\/\/vinasfm.com\/noticias\/wp-json\/wp\/v2\/categories?post=108370"},{"taxonomy":"post_tag","embeddable":true,"href":"https:\/\/vinasfm.com\/noticias\/wp-json\/wp\/v2\/tags?post=108370"}],"curies":[{"name":"wp","href":"https:\/\/api.w.org\/{rel}","templated":true}]}}