{"id":108362,"date":"2022-05-09T08:58:35","date_gmt":"2022-05-09T11:58:35","guid":{"rendered":"http:\/\/vinasfm.com\/noticias\/?p=108362"},"modified":"2022-05-11T09:01:14","modified_gmt":"2022-05-11T12:01:14","slug":"rodolfo-suarez-la-actitud-del-presidente-sobre-portezuelo-del-viento-fue-un-cachetazo-para-los-mendocinos","status":"publish","type":"post","link":"https:\/\/vinasfm.com\/noticias\/rodolfo-suarez-la-actitud-del-presidente-sobre-portezuelo-del-viento-fue-un-cachetazo-para-los-mendocinos\/","title":{"rendered":"RODOLFO SUAREZ: &#8216;LA ACTITUD DEL PRESIDENTE SOBRE PORTEZUELO DEL VIENTO FUE UN CACHETAZO PARA LOS MENDOCINOS&#8217;"},"content":{"rendered":"<h4><span style=\"color: #000000;\"><strong>En su discurso en la 41\u00aa Fiesta Nacional de la Ganader\u00eda de Zonas \u00c1ridas, el Gobernador dijo que los mendocinos \u201cno nos merec\u00edamos\u201d una actitud negativa como la del Presidente, que preanunci\u00f3 su postura en contra de la obra de Portezuelo del Viento en un discurso pol\u00edtico en La Pampa. Suarez dijo que el pedido de nuevos estudios ambientales \u201ces lo mismo que decirnos que no\u201d.<\/strong><\/span><\/h4>\n<p><span style=\"color: #000000;\">En esta celebraci\u00f3n tradicional que se realiza a\u00f1o en a\u00f1o en General Alvear, <strong>el Gobernador Rodolfo Su\u00e1rez<\/strong> fue categ\u00f3rico al reclamar a todos los sectores trabajar juntos para que Mendoza tenga <em><strong>&#8216;m\u00e1s agua, m\u00e1s energ\u00eda y m\u00e1s trabajo&#8217;.<\/strong><\/em><\/span><\/p>\n<p><span style=\"color: #000000;\">En su discurso, el mandatario reflexion\u00f3 sobre el momento pol\u00edtico y econ\u00f3mico del pa\u00eds. <em><strong>&#8216;La macroeconom\u00eda se encuentra enferma, cualquier variable para generar trabajo genuino no est\u00e1 funcionando. La inflaci\u00f3n y la falta de confianza en nuestra moneda complican cualquier iniciativa. Estamos viviendo un momento dif\u00edcil&#8217;<\/strong><\/em>, asever\u00f3.<\/span><\/p>\n<p><span style=\"color: #000000;\">Suarez fue muy claro en su conciso discurso y dijo que fundamentalmente se quer\u00eda detener en el tema del agua,<em><strong> &#8216;el recurso estrat\u00e9gico m\u00e1s importante de la humanidad. Tenemos que trabajar en nuestra infraestructura en agua y energ\u00eda&#8217;.<\/strong><\/em><\/span><\/p>\n<p><span style=\"color: #000000;\"><strong>El anuncio de Fern\u00e1ndez y las perspectivas de crecimiento de Mendoza<\/strong><\/span><\/p>\n<p><span style=\"color: #000000;\"><em><strong>&#8216;Les dir\u00e9 c\u00f3mo yo viv\u00ed el anuncio del Presidente en La Pampa, no nos merec\u00edamos esto, de ninguna manera&#8217;<\/strong><\/em>, dijo el primer mandatario provincial en nombre de la ciudadan\u00eda de Mendoza, <em><strong>&#8216;fue un cachetazo para los mendocinos&#8217;.<\/strong><\/em><\/span><\/p>\n<p><span style=\"color: #000000;\">Suarez record\u00f3 que ya que el Presidente, en visitas anteriores a La Pampa, hab\u00eda tenido actitudes negativas respecto de la realizaci\u00f3n de Portezuelo del Viento. <strong>El Gobernador<\/strong> consider\u00f3 que <em><strong>&#8216;pedir un nuevo estudio de impacto ambiental es lo mismo que decirnos que no&#8217;.<\/strong><\/em><\/span><\/p>\n<p><span style=\"color: #000000;\">El Gobernador explic\u00f3 que un nuevo estudio de impacto ambiental <em><strong>&#8216;significa inmovilizar los fondos. Significa tambi\u00e9n que dentro de dos a\u00f1os, cuando se termine, volveremos a la misma discusi\u00f3n de hoy, porque volveremos a un nuevo laudo y retrocederemos al mismo punto&#8217;.<\/strong><\/em><\/span><\/p>\n<p><span style=\"color: #000000;\">Suarez dijo que una demora tal, en la situaci\u00f3n econ\u00f3mica que estamos viviendo, <strong><em>&#8216;es inaceptable&#8217;<\/em><\/strong>.<\/span><\/p>\n<p><span style=\"color: #000000;\"><em><strong>&#8216;Tuvimos un gran acierto en no adjudicar la obra, hubiese sido una irresponsabilidad porque el dinero no es nuestro. Hoy, los que me dec\u00edan que ten\u00eda que adjudicar ser\u00edan los que me estar\u00edan pidiendo el juicio pol\u00edtico&#8217;<\/strong><\/em>, <strong>explic\u00f3 el Gobernador<\/strong> sobre su decisi\u00f3n de no adelantar los plazos de un modo irresponsable y esperar el pronunciamiento del Presidente en su laudo.<\/span><\/p>\n<p><span style=\"color: #000000;\"><strong>M\u00e1s agua, m\u00e1s energ\u00eda y m\u00e1s trabajo<\/strong><\/span><\/p>\n<p><span style=\"color: #000000;\"><em><strong>&#8216;No renunciamos a Portezuelo ni renunciamos al trasvase del r\u00edo Grande&#8217;<\/strong><\/em>, enfatiz\u00f3 el Gobernador en el final de su discurso y pidi\u00f3\u00a0 <em><strong>&#8216;que entre todos podamos pensar la Mendoza para los pr\u00f3ximos 30, 40 y 50 a\u00f1os&#8217;.<\/strong><\/em><\/span><\/p>\n<p><span style=\"color: #000000;\">El mandatario provincial concluy\u00f3 en el estrado resumiendo la convocatoria al trabajo conjunto en tres consignas claras: <em><strong>&#8216;M\u00e1s agua, m\u00e1s empleo, m\u00e1s energ\u00eda: este es el horizonte en el que los convoco a trabajar&#8217;.<\/strong><\/em><\/span><\/p>\n<p><span style=\"color: #000000;\"><strong>Obras importantes para el Sur \u00a0<\/strong><\/span><\/p>\n<p><span style=\"color: #000000;\">Entre otros anuncios en el Predio Ferial de General Alvear, con el folclore t\u00edpico de estos encuentros anuales, el Gobernador dijo que la Provincia se har\u00e1 cargo de la construcci\u00f3n del acueducto Monte Com\u00e1n-La Horqueta.<em><strong> &#8216;Quiero anunciarles que lo concretaremos desde Mendoza, con los aportes privados que sean necesarios, porque es una obra que beneficiar\u00e1 a 480 mil hect\u00e1reas para el crecimiento del sector ganadero&#8217;<\/strong><\/em>, explic\u00f3 <strong>Suarez<\/strong>.<\/span><\/p>\n<p><span style=\"color: #000000;\">En otro orden, record\u00f3 la construcci\u00f3n de m\u00e1s de 250 viviendas en el departamento de Alvear, la construcci\u00f3n de un establecimiento educativo y la refacci\u00f3n del Hospital Enfermeros Argentinos, entre otros aportes de la Provincia, como<em><strong> &#8216;los constantes incentivos a la agricultura y la ganader\u00eda&#8217;.<\/strong><\/em><\/span><\/p>\n<p><span style=\"color: #000000;\">Como cada a\u00f1o, y esta vez con la alegr\u00eda de volver a un almuerzo de la Fiesta de la Ganader\u00eda de modo tradicional, superada una etapa de la pandemia, se dieron cita cientos representantes de todos los sectores de las fuerzas vivas de la provincia. Entre ellos, no solo los dirigentes rurales que propician la fiesta y el Gobernador con su gabinete de ministros, sino tambi\u00e9n los m\u00e1ximos representantes del Poder Legislativo. Tambi\u00e9n estuvieron all\u00ed legisladores nacionales y varios intendentes provinciales, recibidos por el jefe comunal anfitri\u00f3n, Walther Marcolini.<\/span><\/p>\n","protected":false},"excerpt":{"rendered":"<p>En su discurso en la 41\u00aa Fiesta Nacional de la Ganader\u00eda de Zonas \u00c1ridas, el Gobernador dijo que los mendocinos \u201cno &#8230;<\/p>\n","protected":false},"author":7,"featured_media":108382,"comment_status":"open","ping_status":"open","sticky":false,"template":"","format":"standard","meta":{"footnotes":""},"categories":[5,28],"tags":[],"class_list":["post-108362","post","type-post","status-publish","format-standard","has-post-thumbnail","hentry","category-actualidad","category-fiesta-nacional-de-la-ganaderia"],"_links":{"self":[{"href":"https:\/\/vinasfm.com\/noticias\/wp-json\/wp\/v2\/posts\/108362","targetHints":{"allow":["GET"]}}],"collection":[{"href":"https:\/\/vinasfm.com\/noticias\/wp-json\/wp\/v2\/posts"}],"about":[{"href":"https:\/\/vinasfm.com\/noticias\/wp-json\/wp\/v2\/types\/post"}],"author":[{"embeddable":true,"href":"https:\/\/vinasfm.com\/noticias\/wp-json\/wp\/v2\/users\/7"}],"replies":[{"embeddable":true,"href":"https:\/\/vinasfm.com\/noticias\/wp-json\/wp\/v2\/comments?post=108362"}],"version-history":[{"count":2,"href":"https:\/\/vinasfm.com\/noticias\/wp-json\/wp\/v2\/posts\/108362\/revisions"}],"predecessor-version":[{"id":108383,"href":"https:\/\/vinasfm.com\/noticias\/wp-json\/wp\/v2\/posts\/108362\/revisions\/108383"}],"wp:featuredmedia":[{"embeddable":true,"href":"https:\/\/vinasfm.com\/noticias\/wp-json\/wp\/v2\/media\/108382"}],"wp:attachment":[{"href":"https:\/\/vinasfm.com\/noticias\/wp-json\/wp\/v2\/media?parent=108362"}],"wp:term":[{"taxonomy":"category","embeddable":true,"href":"https:\/\/vinasfm.com\/noticias\/wp-json\/wp\/v2\/categories?post=108362"},{"taxonomy":"post_tag","embeddable":true,"href":"https:\/\/vinasfm.com\/noticias\/wp-json\/wp\/v2\/tags?post=108362"}],"curies":[{"name":"wp","href":"https:\/\/api.w.org\/{rel}","templated":true}]}}