{"id":108355,"date":"2022-05-09T08:22:50","date_gmt":"2022-05-09T11:22:50","guid":{"rendered":"http:\/\/vinasfm.com\/noticias\/?p=108355"},"modified":"2022-05-10T11:27:16","modified_gmt":"2022-05-10T14:27:16","slug":"fiesta-nacional-de-la-ganaderia-vaquie-participo-en-la-apertura-del-tradicional-remate-de-hacienda","status":"publish","type":"post","link":"https:\/\/vinasfm.com\/noticias\/fiesta-nacional-de-la-ganaderia-vaquie-participo-en-la-apertura-del-tradicional-remate-de-hacienda\/","title":{"rendered":"EL MINISTRO VAQUI\u00c9 PARTICIP\u00d3 EN LA APERTURA DEL TRADICIONAL REMATE DE HACIENDA"},"content":{"rendered":"<h4><strong><span style=\"color: #000000;\">El titular de la cartera econ\u00f3mica local, quien estuvo acompa\u00f1ado por el director de Ganader\u00eda, Dami\u00e1n Carb\u00f3, destac\u00f3 el constante crecimiento que viene mostrando la actividad gracias al esfuerzo de sus productores y a la inversi\u00f3n de m\u00e1s de $450 millones que realiz\u00f3 la Provincia para el sector.<\/span><\/strong><\/h4>\n<p><span style=\"color: #000000;\">El <strong>ministro de Econom\u00eda y Energ\u00eda, Enrique Vaqui\u00e9<\/strong>, junto al<strong> director de Ganader\u00eda, Dami\u00e1n Carb\u00f3<\/strong>, participaron este viernes en la apertura del tradicional remate de hacienda en el marco de la Fiesta Nacional de la Ganader\u00eda. Este evento se puso en marcha el pasado mi\u00e9rcoles y se extender\u00e1 hasta el pr\u00f3ximo domingo.<\/span><\/p>\n<p><span style=\"color: #000000;\">El titular de la cartera econ\u00f3mica provincial destac\u00f3:<em><strong> &#8216;Adem\u00e1s del crecimiento natural impulsado por nuestros propios productores, el modo en que se est\u00e1 desarrollando esta actividad en nuestra provincia ha ido captando la atenci\u00f3n de inversores, quienes est\u00e1n apostando a invertir en el sector ganadero&#8217;.<\/strong> <\/em>\u00a0<\/span><\/p>\n<p><span style=\"color: #000000;\"><em><strong>&#8216;No solo est\u00e1n invirtiendo aqu\u00ed en General Alvear sino tambi\u00e9n en otros departamentos que ven en esta actividad una alternativa concreta de desarrollo y crecimiento. La ganader\u00eda es una salida productiva muy fuerte que encontr\u00f3 hace un tiempo Mendoza y que viene dando muestras de crecimiento constante&#8217;<\/strong> <\/em>continu\u00f3.\u00a0\u00a0\u00a0\u00a0<\/span><\/p>\n<p><span style=\"color: #000000;\">En este sentido, agreg\u00f3: <em><strong>&#8216;Hay un fuerte trabajo que se ha hecho junto a las c\u00e1maras representativas del sector para que el dinero que se destina a trav\u00e9s de distintas herramientas, como lo pueden ser Mendoza Activa o bien l\u00edneas de financiamiento, se focalice en aquellas necesidades que nos expresan quienes se dedican al desarrollo de esta actividad&#8217;<\/strong><\/em>. \u00a0<\/span><\/p>\n<p><span style=\"color: #000000;\">Recientemente, en el marco del discurso del 1\u00b0 de Mayo, el Gobernador Rodolfo Suarez remarc\u00f3 que la provincia est\u00e1 pronta a abrir la convocatoria para la licitaci\u00f3n de la obra del acueducto Monte Com\u00e1n-La Horqueta. \u00a0<\/span><\/p>\n<p><span style=\"color: #000000;\">Avanzar con la puesta en marcha de esta importante obra permitir\u00e1 mejorar el abastecimiento de agua a casi 435.000 hect\u00e1reas. Con fondos propios, la Provincia pretende alcanzar con este servicio a 85 explotaciones ganaderas, generando disminuci\u00f3n de costos de mantenimiento de aguadas y molinos. \u00a0<\/span><\/p>\n<p><span style=\"color: #000000;\">Sobre este \u00faltimo punto,<strong> Vaqui\u00e9<\/strong> agreg\u00f3: <em><strong>Desde hace un tiempo el de los acueductos ha sido un tema que ocupa un lugar importante en la agenda y en las decisiones del Gobernador. Junto a la Direcci\u00f3n de Ganader\u00eda hemos venido trabajando a lo largo de estos a\u00f1os junto a los distintos sectores que se ver\u00e1n beneficiados con esta obra. Tambi\u00e9n hemos trabajado para poner a disposici\u00f3n herramientas de financiamiento que permitan al productor acceder a pivots. La ley fue enviada a la Legislatura provincial para su aprobaci\u00f3n. Desde la oposici\u00f3n se niegan a aprobarlo, pero entendemos que ser\u00eda muy importante para el sector<\/strong><\/em>&#8216;. \u00a0<\/span><\/p>\n<p><span style=\"color: #000000;\"><strong>M\u00e1s de 450 millones para impulsar al sector \u00a0<\/strong><\/span><\/p>\n<p><span style=\"color: #000000;\">Recientemente, la cartera econ\u00f3mica provincial dio a conocer un informe elaborado por la Direcci\u00f3n de Ganader\u00eda en el que se brindaron detalles de los fondos que se volcaron al sector ganadero durante 2021.\u00a0<\/span><\/p>\n<p><span style=\"color: #000000;\">El documento destac\u00f3 que en total se destinaron $459.148.529 al desarrollo y crecimiento de esta actividad que viene ampliando cada vez m\u00e1s su participaci\u00f3n en la actividad econ\u00f3mica de Mendoza.\u00a0\u00a0\u00a0\u00a0\u00a0<\/span><\/p>\n<p><span style=\"color: #000000;\">Para finalizar, <strong>Vaqui\u00e9<\/strong> afirm\u00f3: <em><strong>&#8216;Previamente, estos aportes por parte del Estado provincial movilizaron inversiones por m\u00e1s de 1.200 millones de pesos por parte del sector privado. Es un trabajo conjunto del cual surgen nuestras iniciativas, siempre adaptadas a las necesidades de cada sector productivo de la provincia&#8217;.\u00a0\u00a0\u00a0\u00a0<\/strong><\/em><\/span><\/p>\n<p><span style=\"color: #000000;\"><strong><em>&#8216;Los aportes realizados al sector correspondieron, principalmente, a los aportes no reembolsables previstos en el Mendoza Activa. Solo a trav\u00e9s de este programa de fomento a la inversi\u00f3n se realizaron reintegros superiores a los $210 millones&#8217;<\/em><\/strong>, coment\u00f3 el <strong>titular de Ganader\u00eda de la provincia, Dami\u00e1n Carb\u00f3<\/strong>.\u00a0\u00a0\u00a0<\/span><\/p>\n<p><span style=\"color: #000000;\">Por otro lado, destac\u00f3 que el Fondo para la la Transformaci\u00f3n y el Crecimiento cumpli\u00f3 un rol fundamental a la hora de brindar apoyo financiero al sector: <em><strong>&#8216;Para el productor ganadero, acceder al financiamiento siempre fue algo lejano. Durante el a\u00f1o pasado logramos, luego de mucho trabajo en campo, acompa\u00f1ar y concientizar sobre la importancia de invertir para lograr mejores resultados. Finalmente, desde la entidad se brindaron cr\u00e9ditos por m\u00e1s de $76 millones&#8217;<\/strong><\/em>.\u00a0\u00a0\u00a0<\/span><\/p>\n<p><span style=\"color: #000000;\">Por otro lado, remarc\u00f3 que quienes lograron acceder al financiamiento fueron principalmente productores pecuarios y que, de a poco, se fue despertando el inter\u00e9s de productores vinculados a la producci\u00f3n de miel y de porcinos. <strong><em>&#8216;Nuestra provincia tiene gran potencial de crecimiento en cuanto a producci\u00f3n. Seg\u00fan las \u00faltimas estimaciones, han ingresado a la provincia m\u00e1s de 90 millones de kilos en productos c\u00e1rnicos y otros m\u00e1s de 50 millones de kilos en productos l\u00e1cteos. Esto muestra a las claras que todo lo que se produzca en Mendoza puede venderse en nuestra provincia. La demanda existe<\/em><\/strong>&#8216;, dijo el funcionario. \u00a0<\/span><\/p>\n<p><span style=\"color: #000000;\">Los aportes no reembolsables (ANR) tambi\u00e9n fueron una herramienta que permiti\u00f3 a la cartera econ\u00f3mica provincial asistir a aquellos productores que, por distintos motivos, vieron seriamente afectadas sus actividades. En este sentido, desde Ganader\u00eda informaron que a trav\u00e9s de esta l\u00ednea se destinaron m\u00e1s de $12 millones.\u00a0\u00a0\u00a0<\/span><\/p>\n<p><span style=\"color: #000000;\">Al cierre, Carb\u00f3 explic\u00f3 que la cifra de aportes al sector se completa, entre otros puntos, con un fuerte apoyo a la entidad representativa del sector, como son el Cl\u00faster Ganadero Mendoza, la Ley federal de Carne y el fortalecimiento del laboratorio.\u00a0\u00a0\u00a0<\/span><\/p>\n<p><span style=\"color: #000000;\"><strong>Un sector en constante crecimiento\u00a0\u00a0\u00a0<\/strong><\/span><\/p>\n<p><span style=\"color: #000000;\">Mendoza cuenta con m\u00e1s de 1,4 millones de cabezas de ganado distribuidas en m\u00e1s de 6.000 establecimientos productivos, en manos de 9.641 productores. Durante los \u00faltimos a\u00f1os, se viene incrementando constantemente la cantidad de animales y de kilos producidos en Mendoza. <strong><em>&#8216;Solo en la producci\u00f3n de bovinos, Mendoza cuenta con alrededor 480.000 animales. Esta cifra representa alrededor de 30% del total de cabezas. El resto se divide entre producci\u00f3n caprina, de ovinos, equinos y porcinos&#8217;<\/em><\/strong>, remarc\u00f3<strong> el director provincial de Ganader\u00eda.\u00a0\u00a0<\/strong>\u00a0<\/span><\/p>\n<p><span style=\"color: #000000;\">El total de establecimientos productivos de la provincia (6.532), poco m\u00e1s del 70% se dedica principalmente a la recr\u00eda y engorde de los animales (4.700). En este sentido, Carb\u00f3 destac\u00f3 que Mendoza viene trabajando fuertemente sobre este punto para ir ampliando el porcentaje de abastecimiento del consumo mendocino.\u00a0\u00a0\u00a0<\/span><\/p>\n<p><span style=\"color: #000000;\">Desde 2010 a la actualidad, la provincia ha logrado pasar de 5.000 novillos, que se produc\u00edan por aquel entonces, a 51.135, gracias a la implementaci\u00f3n de la Ley de Fomento Ganadero 7074. Los mendocinos consumen el equivalente a 450.000 novillos gordos, lo que representa aproximadamente entre el 11 y el 12% de la demanda.\u00a0\u00a0<\/span><\/p>\n","protected":false},"excerpt":{"rendered":"<p>El titular de la cartera econ\u00f3mica local, quien estuvo acompa\u00f1ado por el director de Ganader\u00eda, Dami\u00e1n Carb\u00f3, destac\u00f3 el constante crecimiento &#8230;<\/p>\n","protected":false},"author":7,"featured_media":108356,"comment_status":"open","ping_status":"open","sticky":false,"template":"","format":"standard","meta":{"footnotes":""},"categories":[5,24],"tags":[],"class_list":["post-108355","post","type-post","status-publish","format-standard","has-post-thumbnail","hentry","category-actualidad","category-ganaderia"],"_links":{"self":[{"href":"https:\/\/vinasfm.com\/noticias\/wp-json\/wp\/v2\/posts\/108355","targetHints":{"allow":["GET"]}}],"collection":[{"href":"https:\/\/vinasfm.com\/noticias\/wp-json\/wp\/v2\/posts"}],"about":[{"href":"https:\/\/vinasfm.com\/noticias\/wp-json\/wp\/v2\/types\/post"}],"author":[{"embeddable":true,"href":"https:\/\/vinasfm.com\/noticias\/wp-json\/wp\/v2\/users\/7"}],"replies":[{"embeddable":true,"href":"https:\/\/vinasfm.com\/noticias\/wp-json\/wp\/v2\/comments?post=108355"}],"version-history":[{"count":3,"href":"https:\/\/vinasfm.com\/noticias\/wp-json\/wp\/v2\/posts\/108355\/revisions"}],"predecessor-version":[{"id":108407,"href":"https:\/\/vinasfm.com\/noticias\/wp-json\/wp\/v2\/posts\/108355\/revisions\/108407"}],"wp:featuredmedia":[{"embeddable":true,"href":"https:\/\/vinasfm.com\/noticias\/wp-json\/wp\/v2\/media\/108356"}],"wp:attachment":[{"href":"https:\/\/vinasfm.com\/noticias\/wp-json\/wp\/v2\/media?parent=108355"}],"wp:term":[{"taxonomy":"category","embeddable":true,"href":"https:\/\/vinasfm.com\/noticias\/wp-json\/wp\/v2\/categories?post=108355"},{"taxonomy":"post_tag","embeddable":true,"href":"https:\/\/vinasfm.com\/noticias\/wp-json\/wp\/v2\/tags?post=108355"}],"curies":[{"name":"wp","href":"https:\/\/api.w.org\/{rel}","templated":true}]}}