{"id":108331,"date":"2022-05-07T23:59:08","date_gmt":"2022-05-08T02:59:08","guid":{"rendered":"http:\/\/vinasfm.com\/noticias\/?p=108331"},"modified":"2022-05-09T10:15:51","modified_gmt":"2022-05-09T13:15:51","slug":"se-incremento-el-parque-automotor-de-la-policia-de-transito-municipal","status":"publish","type":"post","link":"https:\/\/vinasfm.com\/noticias\/se-incremento-el-parque-automotor-de-la-policia-de-transito-municipal\/","title":{"rendered":"SE INCREMENT\u00d3 EL PARQUE AUTOMOTOR DE LA POLIC\u00cdA DE TR\u00c1NSITO MUNICIPAL"},"content":{"rendered":"<h4><strong><span style=\"color: #000000;\">En las oficinas de la Polic\u00eda de Tr\u00e1nsito Municipal, ubicadas en el predio de Ugacoop, en Silvio Triccerri y Calle P\u00fablica, el Intendente Walther Marcolini junto al Secretario de Gobierno Mariano Varela y al Director de la Polic\u00eda de Tr\u00e1nsito Municipal Sergio Agostini presentaron cuatro motos 0km Zanella 125cc ZT y el nuevo Equipo de Comunicaci\u00f3n Fija SEPURA (Sistema TETRA), que se incorporaron al cuerpo.<\/span><\/strong><\/h4>\n<p><span style=\"color: #000000;\">En la entrega de los rodados se resalt\u00f3 la importancia de sumar nuevas movilidades para trabajar y que permite a los agentes a realizar de mejor manera su trabajo, en di\u00e1logo con<strong> F.M. VI\u00d1AS, el Intendente Walther Marcolini<\/strong>, expres\u00f3: &#8216;<em><strong>Junto al Director de la Polic\u00eda de Tr\u00e1nsito Municipal Sergio Agostini y al Comisario Departamental Luis Alcaino estamos poniendo en funcionamiento cuatro motos Zanella 125cc, que se adquirieron por licitaci\u00f3n, para uso de la Polic\u00eda de Tr\u00e1nsito municipal para prestar servicio de prevenci\u00f3n en el radio urbano, en el ejido de 25km&#8217;. <\/strong><\/em><\/span><span style=\"color: #000000;\">\u00a0Tambi\u00e9n desde el <strong>Ministerio de Seguridad<\/strong> ha aportado un<strong> sistema TETRA<\/strong>, que permite que un agente municipal est\u00e9 en comunicaci\u00f3n con la Polic\u00eda provincial y el 911, para actuar r\u00e1pido en caso de un siniestro, <em><strong>&#8216;Agradezco al Ministerio su aporte que contribuye a mejorar el servicio de prevenci\u00f3n, sobre todo a la salida de los chicos del colegio<\/strong><\/em>&#8216;, remarc\u00f3 <strong>el Jefe Comunal\u00a0<\/strong><\/span><\/p>\n<p><span style=\"color: #000000;\">Actualmente, la Polic\u00eda de Tr\u00e1nsito municipal cuenta con seis motos a las que se suman las cuatro nuevas, m\u00e1s la camioneta con la que cuenta el servicio. De este modo, se va equipando el sector para que pueda brindar un mejor servicio.<\/span><\/p>\n<p><span style=\"color: #000000;\">El <strong>Director de la Polic\u00eda de Tr\u00e1nsito Municipal, Sergio Agostini,<\/strong> se\u00f1al\u00f3, <em><strong>&#8216;a partir de este momento vamos a poder llegar a sectores m\u00e1s alejados de la Ciudad, porque se incrementa el parque automotor, lo que permite llegar a donde no lleg\u00e1bamos. Por otra parte, el sistema TETRA es codificado e encriptado, por lo que es muy dif\u00edcil interceptar las comunicaciones&#8217;<\/strong><\/em>. A partir de ahora, vamos a poder trabajar en forma permanente con el 911, en forma mancomunada con la Polic\u00eda de Mendoza. El Ministerio de Seguridad ha colaborado para que este sistema est\u00e9 ac\u00e1 y va a aportar tambi\u00e9n un sistema port\u00e1til.<\/span><\/p>\n<p><span style=\"color: #000000;\">A continuaci\u00f3n, se detallan las actividades que realiza la Polic\u00eda de Tr\u00e1nsito municipal: el Programa Mi Primera Licencia tiene mucha demanda, por lo que asisten a establecimientos de nivel medio a dictar talleres a diario, de ma\u00f1ana y de tarde; trabajan en forma conjunta con la Polic\u00eda de Mendoza, realizan operativos en diferentes sectores y, con las nuevas unidades Zanella van a poder ampliar el \u00e1mbito de jurisdicci\u00f3n.<\/span><\/p>\n<p><span style=\"color: #000000;\">Por su parte, el <strong>Secretario de Gobierno, Mariano Varela<\/strong> resalt\u00f3 la importancia de las nuevas herramientas con las que cuenta la Polic\u00eda de Tr\u00e1nsito municipal, tanto sea los nuevos veh\u00edculos como los equipos de radio, que funcionan mediante sistema TETRA. <strong>&#8216;El Municipio hizo las licitaciones y procedimientos administrativos correspondientes y hoy contamos con estos veh\u00edculos&#8217;<\/strong>.<\/span><\/p>\n<p><span style=\"color: #000000;\">El funcionario resalt\u00f3, adem\u00e1s, que se acaban de licitar las nuevas instalaciones del SAC, que se van a inaugurar el 20 de mayo. Constan de ampliaciones y sanitario para que el personal est\u00e9 c\u00f3modo trabajando y controlando las 76 alertas que hay en el Departamento, siempre atento ante cualquier aviso delictivo que realicen los vecinos, <em><strong>&#8216;este es un aporte del municipio para que el vecino se sienta cada vez m\u00e1s seguro&#8217;.\u00a0<\/strong><\/em><\/span><\/p>\n","protected":false},"excerpt":{"rendered":"<p>En las oficinas de la Polic\u00eda de Tr\u00e1nsito Municipal, ubicadas en el predio de Ugacoop, en Silvio Triccerri y Calle P\u00fablica, &#8230;<\/p>\n","protected":false},"author":7,"featured_media":108332,"comment_status":"open","ping_status":"open","sticky":false,"template":"","format":"standard","meta":{"footnotes":""},"categories":[5,10],"tags":[],"class_list":["post-108331","post","type-post","status-publish","format-standard","has-post-thumbnail","hentry","category-actualidad","category-destacadas"],"_links":{"self":[{"href":"https:\/\/vinasfm.com\/noticias\/wp-json\/wp\/v2\/posts\/108331","targetHints":{"allow":["GET"]}}],"collection":[{"href":"https:\/\/vinasfm.com\/noticias\/wp-json\/wp\/v2\/posts"}],"about":[{"href":"https:\/\/vinasfm.com\/noticias\/wp-json\/wp\/v2\/types\/post"}],"author":[{"embeddable":true,"href":"https:\/\/vinasfm.com\/noticias\/wp-json\/wp\/v2\/users\/7"}],"replies":[{"embeddable":true,"href":"https:\/\/vinasfm.com\/noticias\/wp-json\/wp\/v2\/comments?post=108331"}],"version-history":[{"count":4,"href":"https:\/\/vinasfm.com\/noticias\/wp-json\/wp\/v2\/posts\/108331\/revisions"}],"predecessor-version":[{"id":108418,"href":"https:\/\/vinasfm.com\/noticias\/wp-json\/wp\/v2\/posts\/108331\/revisions\/108418"}],"wp:featuredmedia":[{"embeddable":true,"href":"https:\/\/vinasfm.com\/noticias\/wp-json\/wp\/v2\/media\/108332"}],"wp:attachment":[{"href":"https:\/\/vinasfm.com\/noticias\/wp-json\/wp\/v2\/media?parent=108331"}],"wp:term":[{"taxonomy":"category","embeddable":true,"href":"https:\/\/vinasfm.com\/noticias\/wp-json\/wp\/v2\/categories?post=108331"},{"taxonomy":"post_tag","embeddable":true,"href":"https:\/\/vinasfm.com\/noticias\/wp-json\/wp\/v2\/tags?post=108331"}],"curies":[{"name":"wp","href":"https:\/\/api.w.org\/{rel}","templated":true}]}}