{"id":108232,"date":"2022-05-04T00:01:23","date_gmt":"2022-05-04T03:01:23","guid":{"rendered":"http:\/\/vinasfm.com\/noticias\/?p=108232"},"modified":"2022-05-05T11:01:56","modified_gmt":"2022-05-05T14:01:56","slug":"continua-el-programa-de-garrafa-a-precio-subsidiado-por-el-municipio","status":"publish","type":"post","link":"https:\/\/vinasfm.com\/noticias\/continua-el-programa-de-garrafa-a-precio-subsidiado-por-el-municipio\/","title":{"rendered":"CONTIN\u00daA EL PROGRAMA DE GARRAFA A PRECIO SUBSIDIADO POR EL MUNICIPIO"},"content":{"rendered":"<h4><span style=\"color: #000000;\"><strong>El Director de Contingencias Sociales Leonardo Zarategui, record\u00f3 que contin\u00faa en barrios y otros puntos del departamento la venta de garrafas a precios accesibles.<\/strong><\/span><\/h4>\n<p><span style=\"color: #000000;\">El <strong>Programa de Garrafa a Precio Subsidiado por el Municipio<\/strong> se ha transformado en una herramienta fundamental para cientos de vecinos que acuden a los distintos puntos de venta para adquirir una garrafa a un precio accesible, as\u00ed lo asegur\u00f3 Leonardo Zarategui: \u201c<strong><em>Depende el lugar, pero por ejemplo la semana pasada en Carmensa vendimos unas 140 garrafas, pero tenemos un promedio de 80 garrafas vendidas<\/em><\/strong>\u201d.<\/span><\/p>\n<p><span style=\"color: #000000;\">Desde la <strong>Secretar\u00eda de Energ\u00eda de la Naci\u00f3n<\/strong> se rectific\u00f3 el precio de la tonelada de gas, lo que tuvo un impacto en el Programa de Garrafa a Precio Subsidiado por el Municipio, de esta forma el precio de venta <strong>pasa a 500 pesos<\/strong>, lo que sigue siendo considerablemente m\u00e1s bajo que la venta que se realiza en cualquier otro punto de expendio.<\/span><\/p>\n<p><span style=\"color: #000000;\">Es importante destacar que el Programa se presentar\u00e1 este mi\u00e9rcoles en Los Ranqueles y Costa del Atuel, y el viernes en Barrio El Parque y El Desv\u00edo.<\/span><\/p>\n","protected":false},"excerpt":{"rendered":"<p>El Director de Contingencias Sociales Leonardo Zarategui, record\u00f3 que contin\u00faa en barrios y otros puntos del departamento la venta de garrafas &#8230;<\/p>\n","protected":false},"author":8,"featured_media":108233,"comment_status":"open","ping_status":"open","sticky":false,"template":"","format":"standard","meta":{"footnotes":""},"categories":[5,10],"tags":[],"class_list":["post-108232","post","type-post","status-publish","format-standard","has-post-thumbnail","hentry","category-actualidad","category-destacadas"],"_links":{"self":[{"href":"https:\/\/vinasfm.com\/noticias\/wp-json\/wp\/v2\/posts\/108232","targetHints":{"allow":["GET"]}}],"collection":[{"href":"https:\/\/vinasfm.com\/noticias\/wp-json\/wp\/v2\/posts"}],"about":[{"href":"https:\/\/vinasfm.com\/noticias\/wp-json\/wp\/v2\/types\/post"}],"author":[{"embeddable":true,"href":"https:\/\/vinasfm.com\/noticias\/wp-json\/wp\/v2\/users\/8"}],"replies":[{"embeddable":true,"href":"https:\/\/vinasfm.com\/noticias\/wp-json\/wp\/v2\/comments?post=108232"}],"version-history":[{"count":1,"href":"https:\/\/vinasfm.com\/noticias\/wp-json\/wp\/v2\/posts\/108232\/revisions"}],"predecessor-version":[{"id":108235,"href":"https:\/\/vinasfm.com\/noticias\/wp-json\/wp\/v2\/posts\/108232\/revisions\/108235"}],"wp:featuredmedia":[{"embeddable":true,"href":"https:\/\/vinasfm.com\/noticias\/wp-json\/wp\/v2\/media\/108233"}],"wp:attachment":[{"href":"https:\/\/vinasfm.com\/noticias\/wp-json\/wp\/v2\/media?parent=108232"}],"wp:term":[{"taxonomy":"category","embeddable":true,"href":"https:\/\/vinasfm.com\/noticias\/wp-json\/wp\/v2\/categories?post=108232"},{"taxonomy":"post_tag","embeddable":true,"href":"https:\/\/vinasfm.com\/noticias\/wp-json\/wp\/v2\/tags?post=108232"}],"curies":[{"name":"wp","href":"https:\/\/api.w.org\/{rel}","templated":true}]}}