{"id":108221,"date":"2022-05-04T08:57:02","date_gmt":"2022-05-04T11:57:02","guid":{"rendered":"http:\/\/vinasfm.com\/noticias\/?p=108221"},"modified":"2022-05-05T11:01:49","modified_gmt":"2022-05-05T14:01:49","slug":"alberto-fernandez-anticipo-su-laudo-no-apoyara-el-proyecto-de-portezuelo-del-viento","status":"publish","type":"post","link":"https:\/\/vinasfm.com\/noticias\/alberto-fernandez-anticipo-su-laudo-no-apoyara-el-proyecto-de-portezuelo-del-viento\/","title":{"rendered":"CON OTRA ARTIMA\u00d1A EL GOBIERNO NACIONAL BLOQUE\u00d3 LA POSIBILIDAD DE REALIZACI\u00d3N DE PORTEZUELO DEL VIENTO"},"content":{"rendered":"<h4><span style=\"color: #000000;\"><strong>Este martes el presidente de la Naci\u00f3n,\u00a0Alberto Fern\u00e1ndez, puso punto final al pedido de laudo de Mendoza por\u00a0Portezuelo del Viento. Desde\u00a0General Pico, La Pampa, adelant\u00f3 que\u00a0laudar\u00e1 para que se realice un nuevo estudio de impacto ambiental\u00a0de la cuenca, lo que favorece la posici\u00f3n del reclamo pampeano.<\/strong><\/span><\/h4>\n<p><span style=\"color: #000000;\">La decisi\u00f3n era, de alguna manera, esperada por el Gobierno provincial y tiene un impacto directo en la licitaci\u00f3n de la obra proyectada sobre el r\u00edo Grande, en Malarg\u00fce.<\/span><\/p>\n<p><span style=\"color: #000000;\">Es que la postura del Ejecutivo a cargo de Rodolfo Suarez era no avanzar en el concurso -hay una oferta, pero no est\u00e1 adjudicada al \u00fanico grupo- hasta tanto no hubiera una definici\u00f3n de la Casa Rosada. Y la definici\u00f3n lleg\u00f3 esta tarde en un gesto de Fern\u00e1ndez para La Pampa, ya que al laudar a favor de un nuevo estudio de impacto ambiental, retrasar\u00eda el proyecto.\u00a0<\/span><\/p>\n<p><span style=\"color: #000000;\">\u201c<strong>Las\u00a0cuatro provincias por donde pasa el r\u00edo Colorado me pidieron que hagamos un\u00a0estudio de impacto ambiental sobre los efectos que generar\u00e1 Portezuelo del Viento y\u00a0yo voy a hacer lugar a eso<\/strong>\u201d, dijo Fern\u00e1ndez, ante la mirada del gobernador\u00a0<strong>Sergio Ziliotto<\/strong>.\u00a0<\/span><\/p>\n<p><span style=\"color: #000000;\">\u201cLos r\u00edos no son propiedad de nadie. Son propiedad de los argentinos que la necesitan. Lo que debemos hacer es gestionarlos. \u00bfAlguien es due\u00f1o del agua? No, el agua es de todos\u201d,\u00a0sum\u00f3 el presidente.<\/span><\/p>\n<p><span style=\"color: #000000;\">Luego agreg\u00f3 que \u00abtenemos que tener inteligencia para administrar el agua adecuadamente\u00bb.\u00a0<\/span><\/p>\n<p><span style=\"color: #000000;\">Con Portezuelo, indic\u00f3 Fern\u00e1ndez, se est\u00e1 \u00ab<strong>afectando al r\u00edo Colorado<\/strong>\u00bb y luego sostuvo que \u00abel r\u00edo Colorado no es de una provincia, es de toda la Argentina. Es algo que todos deber\u00edan entender.\u00a0<strong>Lo que puede ser una soluci\u00f3n para uno, puede ser un problema para otros cuatro<\/strong>\u00ab.\u00a0<\/span><\/p>\n<p><span style=\"color: #000000;\">Y remat\u00f3, con lo que puede considerarse el fin de la obra proyectada en Mendoza: \u00ab<strong>Por eso, habilitar\u00e9 el estudio de impacto ambiental<\/strong>\u00ab.\u00a0<\/span><\/p>\n<p><span style=\"color: #000000;\">Las palabras de Fern\u00e1ndez llegan d\u00edas despu\u00e9s de que Naci\u00f3n depositara la und\u00e9cima cuota de los fondos, en este caso por US$50 millones. Hasta el momento, la Provincia cuenta con\u00a0la Provincia acumula US $422.350.160 en el fideicomiso que se constituy\u00f3 para financiar la obra hidroel\u00e9ctrica, de un total de U$S 1.023.362.922, que le corresponde leg\u00edtimamente recibir a Mendoza, en pagos trimestrales, hasta octubre de 2024.<\/span><\/p>\n<h4><span style=\"color: #000000;\"><strong>El discurso del presidente:<\/strong><\/span><\/h4>\n<p><iframe loading=\"lazy\" title=\"El presidente encabez\u00f3 el acto del Gabinete Federal de Capitales Alternas en General Pico\" width=\"1140\" height=\"641\" src=\"https:\/\/www.youtube.com\/embed\/4UwdmUcv-r4?feature=oembed\" frameborder=\"0\" allow=\"accelerometer; autoplay; clipboard-write; encrypted-media; gyroscope; picture-in-picture\" allowfullscreen><\/iframe><\/p>\n","protected":false},"excerpt":{"rendered":"<p>Este martes el presidente de la Naci\u00f3n,\u00a0Alberto Fern\u00e1ndez, puso punto final al pedido de laudo de Mendoza por\u00a0Portezuelo del Viento. Desde\u00a0General &#8230;<\/p>\n","protected":false},"author":8,"featured_media":108223,"comment_status":"open","ping_status":"open","sticky":false,"template":"","format":"standard","meta":{"footnotes":""},"categories":[5,61],"tags":[],"class_list":["post-108221","post","type-post","status-publish","format-standard","has-post-thumbnail","hentry","category-actualidad","category-portezuelo-del-viento"],"_links":{"self":[{"href":"https:\/\/vinasfm.com\/noticias\/wp-json\/wp\/v2\/posts\/108221","targetHints":{"allow":["GET"]}}],"collection":[{"href":"https:\/\/vinasfm.com\/noticias\/wp-json\/wp\/v2\/posts"}],"about":[{"href":"https:\/\/vinasfm.com\/noticias\/wp-json\/wp\/v2\/types\/post"}],"author":[{"embeddable":true,"href":"https:\/\/vinasfm.com\/noticias\/wp-json\/wp\/v2\/users\/8"}],"replies":[{"embeddable":true,"href":"https:\/\/vinasfm.com\/noticias\/wp-json\/wp\/v2\/comments?post=108221"}],"version-history":[{"count":5,"href":"https:\/\/vinasfm.com\/noticias\/wp-json\/wp\/v2\/posts\/108221\/revisions"}],"predecessor-version":[{"id":108254,"href":"https:\/\/vinasfm.com\/noticias\/wp-json\/wp\/v2\/posts\/108221\/revisions\/108254"}],"wp:featuredmedia":[{"embeddable":true,"href":"https:\/\/vinasfm.com\/noticias\/wp-json\/wp\/v2\/media\/108223"}],"wp:attachment":[{"href":"https:\/\/vinasfm.com\/noticias\/wp-json\/wp\/v2\/media?parent=108221"}],"wp:term":[{"taxonomy":"category","embeddable":true,"href":"https:\/\/vinasfm.com\/noticias\/wp-json\/wp\/v2\/categories?post=108221"},{"taxonomy":"post_tag","embeddable":true,"href":"https:\/\/vinasfm.com\/noticias\/wp-json\/wp\/v2\/tags?post=108221"}],"curies":[{"name":"wp","href":"https:\/\/api.w.org\/{rel}","templated":true}]}}