{"id":108171,"date":"2022-05-02T23:01:54","date_gmt":"2022-05-03T02:01:54","guid":{"rendered":"http:\/\/vinasfm.com\/noticias\/?p=108171"},"modified":"2022-05-04T08:57:37","modified_gmt":"2022-05-04T11:57:37","slug":"mano-a-mano-con-stella-montoya-la-concejal-que-la-conduccion-del-pj-local-quiso-expulsar-del-bloque","status":"publish","type":"post","link":"https:\/\/vinasfm.com\/noticias\/mano-a-mano-con-stella-montoya-la-concejal-que-la-conduccion-del-pj-local-quiso-expulsar-del-bloque\/","title":{"rendered":"MANO A MANO CON STELLA MONTOYA, LA CONCEJAL QUE LA CONDUCCI\u00d3N DEL PJ LOCAL QUISO EXPULSAR DEL BLOQUE"},"content":{"rendered":"<h4><span style=\"color: #000000;\"><strong>El pasado 28 de marzo, con la asunci\u00f3n de los nuevos ediles, la concejal por el Frente de Todos Stella Marys Montoya concluy\u00f3 con su mandato en medio de la reciente pol\u00e9mica que gener\u00f3 en el peronismo local su voto a favor del proyecto del oficialismo de avanzar con el pedido de endeudamiento para el plan de asfalto 2022 y por el cual la actual conducci\u00f3n partidaria le hab\u00eda pedido la expulsi\u00f3n del bloque.<\/strong><\/span><\/h4>\n<p><span style=\"color: #000000;\">Sobre este \u00faltimo tema<strong> se expres\u00f3 por primera vez de forma p\u00fablica en di\u00e1logo con F.M. VI\u00d1AS<\/strong>, adem\u00e1s de hacer referencia a otros temas relacionados con su paso por el Concejo Deliberante. Con Claudio Lemos realiz\u00f3 un balance de su gesti\u00f3n, que dur\u00f3 dos a\u00f1os luego de la dimisi\u00f3n de la actual Jefa de Anses Myrna Osorio.<\/span><\/p>\n<p><span style=\"color: #000000;\">&#8216;<em><strong>Estoy cerrando un ciclo que ha sido de mucho aprendizaje<\/strong>. Creo que en estos casi dos a\u00f1os que he sido concejal ha habido momentos en donde uno ha tenido que aprender muchas veces a los golpes de algunas y bueno vivir algunas experiencias que no han sido tan buenas. Pero <strong>haciendo un balance general de lo que fue mi paso por el Concejo Deliberante, creo que que la respuesta que me llevo de los vecinos, de la gente con la que he trabajado, mis compa\u00f1eros de trabajo<\/strong>, tanto del Bloque como del Concejo Deliberante, <strong>ha sido m\u00e1s que positiva<\/strong><\/em>&#8216;, evalu\u00f3 Montoya, y en la misma l\u00ednea subray\u00f3: &#8216;<em>Muchas veces no se entiende la manera o <strong>no se entendi\u00f3 mi manera de trabajar, no se comprendi\u00f3 por qu\u00e9 se tomaron algunas decisiones<\/strong>. Algunas personas no lo comprendieron, pero <strong>lo importante es que me voy con con esta, con este sentimiento de haber hecho lo que ten\u00eda que hacer<\/strong><\/em>&#8216;.<\/span><\/p>\n<p><span style=\"color: #000000;\">\u00bfPuedo decir por lo del PJ, por la pol\u00e9mica, por todo eso?<\/span><\/p>\n<p><span style=\"color: #000000;\">&#8216;<em>Exacto. Yo creo que son momentos que uno nunca espera pasar dentro de un d\u00eda, una actividad en donde se sienta como que se est\u00e1, como que como que se ha dejado de lado lo que pensaba una gran parte del PJ, pero no fue as\u00ed porque yo<strong> trabaj\u00e9 en funci\u00f3n de lo que hice durante estos dos a\u00f1os, que fue visitar al vecino, trabajar con lo que ellos me presentaron y este proyecto era gran parte de eso, era el pedido de los vecinos y de los que estaban necesitando que se realizara en este caso puntual en la sala<\/strong><\/em>&#8216;.<\/span><\/p>\n<p><span style=\"color: #000000;\">Pero te vas reconocida por el presidente sac\u00e1ndote una foto con \u00e9l. \u00bfTambi\u00e9n hubo alguna repercusi\u00f3n? La verdad que no se entiende mucho qu\u00e9 es lo que quisieron hacer ni qu\u00e9 fue eso de intentar sacarte del bloque.<\/span><\/p>\n<p><span style=\"color: #000000;\">&#8216;<em>La verdad que <strong>creo que no fue todo el Partido Justicialista, sino un sector o algunas personas, que es como te dije reci\u00e9n, no entendieron cu\u00e1l fue mi pensamiento y por qu\u00e9 lo hice<\/strong>. <strong>Con el presidente pudimos hablar, nos sentamos, \u00e9l entendi\u00f3 cu\u00e1l era la causa<\/strong>. Yo hab\u00eda votado de la manera que hab\u00eda votado. Y por supuesto,<strong> yo creo que entonces conversar, consensuar, hablar y de ah\u00ed sacar lo mejor<\/strong>. He entendido cu\u00e1l fue mi postura y por eso fue que \u00e9l entreg\u00f3, <strong>me entreg\u00f3 un reconocimiento y por eso va a ser que yo voy a seguir trabajando con el Partido Justicialista<\/strong>. <strong>Yo no tengo ni por qu\u00e9 irme, ni ellos por qu\u00e9 echarme, porque he trabajado para lo que la gente quer\u00eda<\/strong><\/em>&#8216;.<\/span><\/p>\n<p><span style=\"color: #000000;\">\u00bfTuviste alg\u00fan ofrecimiento? \u00bfVino alguien? \u00bfTe llamaron de alg\u00fan otro sector?<\/span><\/p>\n<p><span style=\"color: #000000;\">&#8216;<em>S\u00ed, siempre. <strong>Siempre hay alguna charla. Pero no, por supuesto que no, mi partido del Partido Justicialista y estoy trabajando en \u00e9l desde hace much\u00edsimo tiempo<\/strong>. Creo que 2011 ya ni me acuerdo de cu\u00e1ndo, porque hace muchos a\u00f1os y siempre pensando que es el mejor espacio, que es el que tiene que dar la respuesta o el que trata de darle respuesta a la gente y es el lugar donde debo estar<\/em>&#8216;.<\/span><\/p>\n<p><span style=\"color: #000000;\">No lograron darle una uni\u00f3n que adem\u00e1s se transmitiera al bloque, se sent\u00eda, se percib\u00eda que esto pasaba dentro del bloque tambi\u00e9n porque lo traspas\u00f3 o traspas\u00f3 las paredes del bloque y se notaba afuera.<\/span><\/p>\n<p><span style=\"color: #000000;\">&#8216;<em>S\u00ed, la verdad es que<strong> tenemos todos o tuvimos todos personalidades muy distintas. No supimos trabajar en equipo, que creo que es la deficiencia que fue, porque bueno, cada uno tiene su perfil muy distinto<\/strong>. Yo con ese s\u00ed pude trabajar, <strong>hicimos muy un muy buen equipo de trabajo y es por eso que le agradec\u00ed<\/strong>, porque durante estos dos a\u00f1os recorrimos e hicimos proyecto, pensamos muy parecido, bueno, con los otros compa\u00f1eros del bloque no fue as\u00ed, incluso tuvimos varias discusiones, pero bueno para aclarar y que cada uno propon\u00eda su punto de vista. No es f\u00e1cil trabajar en bloque, digamos, no lo pudimos lograr desde en estos dos a\u00f1os que tuvimos, pero bueno, siempre respetando el compa\u00f1ero y su posici\u00f3n<\/em>&#8216;.<\/span><\/p>\n<p><span style=\"color: #000000;\">&#8216;<em><strong>Vuelvo a la escuela, vuelvo a la municipalidad, a mis cargos originales<\/strong>.<strong> En la municipalidad tengo un cargo concursado, as\u00ed que vuelvo ah\u00ed y a la escuela tambi\u00e9n<\/strong><\/em>. <em>Creo que el que participa de pol\u00edtica siempre est\u00e1 ah\u00ed, siempre sabe que esto es algo que se lleva y que m\u00e1s que nada es como siempre digo, en la pol\u00edtica hay que participar, hay que estar. No sirve de nada criticar desde la casa. O poner su pensamiento en una en una red social. <strong>Hay que estar presente y participar, caminar y a los vecinos. Y por supuesto, eso lo he hecho siempre y lo voy a seguir haciendo<\/strong><\/em>&#8216;.<\/span><\/p>\n<p><span style=\"color: #000000;\">\u00bfTe llev\u00e1s m\u00e1s cosas lindas que feas?<\/span><\/p>\n<p><span style=\"color: #000000;\"><em>&#8216;S\u00ed, por supuesto, por supuesto. <strong>Yo creo que el 99% de las cosas que me llevo de estos dos a\u00f1os es positivo<\/strong>. No todo es grato en la vida, pero. Pero soy de esas. De esa instancia uno sale fortalecida y eso es lo que me llevo&#8217;.<\/em><\/span><\/p>\n<p><span style=\"color: #000000;\">\u00bfTe quedaron algunos proyectos?<\/span><\/p>\n<p><span style=\"color: #000000;\"><em>&#8216;S\u00ed, much\u00edsimos. Much\u00edsimas cosas. Hasta el blog que se lo dej\u00e9 al bloque en carpeta. Hay <strong>mucha gente que todav\u00eda est\u00e1 esperando que la vaya a visitar<\/strong>&#8216;.<\/em><\/span><\/p>\n","protected":false},"excerpt":{"rendered":"<p>El pasado 28 de marzo, con la asunci\u00f3n de los nuevos ediles, la concejal por el Frente de Todos Stella Marys &#8230;<\/p>\n","protected":false},"author":8,"featured_media":108172,"comment_status":"open","ping_status":"open","sticky":false,"template":"","format":"standard","meta":{"footnotes":""},"categories":[5,7],"tags":[],"class_list":["post-108171","post","type-post","status-publish","format-standard","has-post-thumbnail","hentry","category-actualidad","category-politica"],"_links":{"self":[{"href":"https:\/\/vinasfm.com\/noticias\/wp-json\/wp\/v2\/posts\/108171","targetHints":{"allow":["GET"]}}],"collection":[{"href":"https:\/\/vinasfm.com\/noticias\/wp-json\/wp\/v2\/posts"}],"about":[{"href":"https:\/\/vinasfm.com\/noticias\/wp-json\/wp\/v2\/types\/post"}],"author":[{"embeddable":true,"href":"https:\/\/vinasfm.com\/noticias\/wp-json\/wp\/v2\/users\/8"}],"replies":[{"embeddable":true,"href":"https:\/\/vinasfm.com\/noticias\/wp-json\/wp\/v2\/comments?post=108171"}],"version-history":[{"count":4,"href":"https:\/\/vinasfm.com\/noticias\/wp-json\/wp\/v2\/posts\/108171\/revisions"}],"predecessor-version":[{"id":108175,"href":"https:\/\/vinasfm.com\/noticias\/wp-json\/wp\/v2\/posts\/108171\/revisions\/108175"}],"wp:featuredmedia":[{"embeddable":true,"href":"https:\/\/vinasfm.com\/noticias\/wp-json\/wp\/v2\/media\/108172"}],"wp:attachment":[{"href":"https:\/\/vinasfm.com\/noticias\/wp-json\/wp\/v2\/media?parent=108171"}],"wp:term":[{"taxonomy":"category","embeddable":true,"href":"https:\/\/vinasfm.com\/noticias\/wp-json\/wp\/v2\/categories?post=108171"},{"taxonomy":"post_tag","embeddable":true,"href":"https:\/\/vinasfm.com\/noticias\/wp-json\/wp\/v2\/tags?post=108171"}],"curies":[{"name":"wp","href":"https:\/\/api.w.org\/{rel}","templated":true}]}}