{"id":108144,"date":"2022-05-02T08:59:15","date_gmt":"2022-05-02T11:59:15","guid":{"rendered":"http:\/\/vinasfm.com\/noticias\/?p=108144"},"modified":"2022-05-02T09:08:47","modified_gmt":"2022-05-02T12:08:47","slug":"inicia-la-temporada-de-poda-del-arbolado-publico-en-mendoza","status":"publish","type":"post","link":"https:\/\/vinasfm.com\/noticias\/inicia-la-temporada-de-poda-del-arbolado-publico-en-mendoza\/","title":{"rendered":"INICIA LA TEMPORADA DE PODA DEL ARBOLADO P\u00daBLICO EN MENDOZA"},"content":{"rendered":"<h4><span style=\"color: #000000;\"><strong>Con la finalidad de asegurar la conservaci\u00f3n de los ejemplares en \u00f3ptimas condiciones vegetativas y sanitarias, cada a\u00f1o en temporada invernal se realiza la poda anual a los forestales, una de las tareas m\u00e1s importantes dentro del \u201cMantenimiento del Sistema de Arbolado P\u00fablico\u201d.<\/strong><\/span><\/h4>\n<p><span style=\"color: #000000;\">Este a\u00f1o, el per\u00edodo de poda <strong>ser\u00e1 entre el 2 de mayo y el 31 de agosto<\/strong>.<\/span><\/p>\n<p><span style=\"color: #000000;\">El organismo ambiental cada a\u00f1o reitera su mensaje a la poblaci\u00f3n referido a que toda intervenci\u00f3n sobre el arbolado p\u00fablico \u2013\u00e1rboles de veredas, boulevares y espacios p\u00fablicos- es tarea de los organismos p\u00fablicos, como el municipio, la Direcci\u00f3n Provincial de Vialidad, la Direcci\u00f3n Nacional de<\/span><br \/>\n<span style=\"color: #000000;\">Vialidad, el Departamento General de Irrigaci\u00f3n seg\u00fan la jurisdicci\u00f3n donde los \u00e1rboles vegeten.<\/span><\/p>\n<p><span style=\"color: #000000;\">Las solicitudes de poda y erradicaci\u00f3n pueden ser realizadas por los frentistas, a dichos organismos que son responsables directos de la realizaci\u00f3n de estas tareas. Sin embargo los particulares no est\u00e1n habilitados para realizar la poda del arbolado p\u00fablico.<\/span><\/p>\n<p><span style=\"color: #000000;\">Las multas que se aplican cuando se transgreden estas normas contenidas en la Ley 7874 y Resoluci\u00f3n 419\/2018, var\u00edan seg\u00fan la calidad y cantidad de \u00e1rboles podados.<\/span><\/p>\n<p><span style=\"color: #000000;\">Respetar las normativas legales y hacerse responsable de dar aviso de necesidad de podas o erradicaciones a las instituciones mencionadas \u2013adem\u00e1s de evitar sanciones o multas- ayuda a fortalecer la cultura del \u00e1rbol y valorar sus beneficios sobre la calidad de vida de la poblaci\u00f3n.<\/span><\/p>\n<p><span style=\"color: #000000;\">En el \u00faltimo a\u00f1o, institucionalmente se procesaron alrededor de 1.524 solicitudes de trabajos, podas y\/o erradicaciones de forestales en distintos municipios, Direcci\u00f3n Provincial de Vialidad, Direcci\u00f3n Nacional de Vialidad, Departamento General de Irrigaci\u00f3n, Direcci\u00f3n de Parque, Direcci\u00f3n de Ecoparque, Direcci\u00f3n General de Escuelas, Direcci\u00f3n de Hidr\u00e1ulica e Instituciones p\u00fablicas y\/o privadas en general.<\/span><\/p>\n","protected":false},"excerpt":{"rendered":"<p>Con la finalidad de asegurar la conservaci\u00f3n de los ejemplares en \u00f3ptimas condiciones vegetativas y sanitarias, cada a\u00f1o en temporada invernal &#8230;<\/p>\n","protected":false},"author":8,"featured_media":108145,"comment_status":"open","ping_status":"open","sticky":false,"template":"","format":"standard","meta":{"footnotes":""},"categories":[5,10],"tags":[],"class_list":["post-108144","post","type-post","status-publish","format-standard","has-post-thumbnail","hentry","category-actualidad","category-destacadas"],"_links":{"self":[{"href":"https:\/\/vinasfm.com\/noticias\/wp-json\/wp\/v2\/posts\/108144","targetHints":{"allow":["GET"]}}],"collection":[{"href":"https:\/\/vinasfm.com\/noticias\/wp-json\/wp\/v2\/posts"}],"about":[{"href":"https:\/\/vinasfm.com\/noticias\/wp-json\/wp\/v2\/types\/post"}],"author":[{"embeddable":true,"href":"https:\/\/vinasfm.com\/noticias\/wp-json\/wp\/v2\/users\/8"}],"replies":[{"embeddable":true,"href":"https:\/\/vinasfm.com\/noticias\/wp-json\/wp\/v2\/comments?post=108144"}],"version-history":[{"count":1,"href":"https:\/\/vinasfm.com\/noticias\/wp-json\/wp\/v2\/posts\/108144\/revisions"}],"predecessor-version":[{"id":108147,"href":"https:\/\/vinasfm.com\/noticias\/wp-json\/wp\/v2\/posts\/108144\/revisions\/108147"}],"wp:featuredmedia":[{"embeddable":true,"href":"https:\/\/vinasfm.com\/noticias\/wp-json\/wp\/v2\/media\/108145"}],"wp:attachment":[{"href":"https:\/\/vinasfm.com\/noticias\/wp-json\/wp\/v2\/media?parent=108144"}],"wp:term":[{"taxonomy":"category","embeddable":true,"href":"https:\/\/vinasfm.com\/noticias\/wp-json\/wp\/v2\/categories?post=108144"},{"taxonomy":"post_tag","embeddable":true,"href":"https:\/\/vinasfm.com\/noticias\/wp-json\/wp\/v2\/tags?post=108144"}],"curies":[{"name":"wp","href":"https:\/\/api.w.org\/{rel}","templated":true}]}}