{"id":108125,"date":"2022-05-02T08:00:22","date_gmt":"2022-05-02T11:00:22","guid":{"rendered":"http:\/\/vinasfm.com\/noticias\/?p=108125"},"modified":"2022-05-03T09:58:12","modified_gmt":"2022-05-03T12:58:12","slug":"comenzo-en-ugacoop-la-capacitacion-en-steel-framing","status":"publish","type":"post","link":"https:\/\/vinasfm.com\/noticias\/comenzo-en-ugacoop-la-capacitacion-en-steel-framing\/","title":{"rendered":"COMENZ\u00d3 EN UGACOOP LA CAPACITACI\u00d3N EN STEEL FRAMING"},"content":{"rendered":"<h4><strong><span style=\"color: #000000;\">El encargado de la Oficina de empleo Ezequiel Kapluk se refiri\u00f3 a este curso: \u201cEs la primera vez que se trae esta capacitaci\u00f3n con el objetivo de formar mano de obra capacitada en el departamento\u201d. Este curso est\u00e1 apuntada a todos aquellos interesados en aprender a utilizar este sistema constructivo o que quieran incorporar nuevas t\u00e9cnicas, en esta primera capacitaci\u00f3n participaron alrededor de 75 personas.<\/span><\/strong><\/h4>\n<p><span style=\"color: #000000;\">Esta capacitaci\u00f3n est\u00e1 organizada por la Municipalidad de General Alvear, la Direcci\u00f3n de Empleo y Desarrollo Territorial de la Provincia de Mendoza, y la Direcci\u00f3n Territorial de la UNCuyo y fue dictada por la Fundaci\u00f3n LUPA.<\/span><\/p>\n<p><span style=\"color: #000000;\">Fernando Fern\u00e1ndez, quien fue invitado por la Fundaci\u00f3n LUPA para brindar esta capacitaci\u00f3n expres\u00f3: \u201c<strong><em>Este curso trata de la introducci\u00f3n a este m\u00e9todo constructivo y no confundirlos con otros m\u00e9todos h\u00edbridos. Es fundamentalmente te\u00f3rico y detalla cu\u00e1les son las normativas vigentes a las cu\u00e1les deben ajustarse<\/em><\/strong>\u201d. Es de destacar que entre un 5% y un 7% se piensan y se dise\u00f1an bajo este concepto.<\/span><\/p>\n<p><span style=\"color: #000000;\">Por su parte Lucia Fern\u00e1ndez, Directora Fundaci\u00f3n Lupa, dio detalles de las tareas que realizan: \u201c<strong><em>Este proyecto nace en el 2014, ya que surgi\u00f3 mucha necesidad de capacitaci\u00f3n en este m\u00e9todo constructivo que se compone por una estructura de acero galvanizado y es especial para la construcci\u00f3n de viviendas<\/em><\/strong>\u201d. Para m\u00e1s informaci\u00f3n acerca de esta Fundaci\u00f3n pueden ingresar a fundacionlupa.org o en Instagram como Escuela de Steel Framing.<\/span><\/p>\n","protected":false},"excerpt":{"rendered":"<p>El encargado de la Oficina de empleo Ezequiel Kapluk se refiri\u00f3 a este curso: \u201cEs la primera vez que se trae &#8230;<\/p>\n","protected":false},"author":8,"featured_media":108126,"comment_status":"open","ping_status":"open","sticky":false,"template":"","format":"standard","meta":{"footnotes":""},"categories":[5,10],"tags":[],"class_list":["post-108125","post","type-post","status-publish","format-standard","has-post-thumbnail","hentry","category-actualidad","category-destacadas"],"_links":{"self":[{"href":"https:\/\/vinasfm.com\/noticias\/wp-json\/wp\/v2\/posts\/108125","targetHints":{"allow":["GET"]}}],"collection":[{"href":"https:\/\/vinasfm.com\/noticias\/wp-json\/wp\/v2\/posts"}],"about":[{"href":"https:\/\/vinasfm.com\/noticias\/wp-json\/wp\/v2\/types\/post"}],"author":[{"embeddable":true,"href":"https:\/\/vinasfm.com\/noticias\/wp-json\/wp\/v2\/users\/8"}],"replies":[{"embeddable":true,"href":"https:\/\/vinasfm.com\/noticias\/wp-json\/wp\/v2\/comments?post=108125"}],"version-history":[{"count":2,"href":"https:\/\/vinasfm.com\/noticias\/wp-json\/wp\/v2\/posts\/108125\/revisions"}],"predecessor-version":[{"id":108196,"href":"https:\/\/vinasfm.com\/noticias\/wp-json\/wp\/v2\/posts\/108125\/revisions\/108196"}],"wp:featuredmedia":[{"embeddable":true,"href":"https:\/\/vinasfm.com\/noticias\/wp-json\/wp\/v2\/media\/108126"}],"wp:attachment":[{"href":"https:\/\/vinasfm.com\/noticias\/wp-json\/wp\/v2\/media?parent=108125"}],"wp:term":[{"taxonomy":"category","embeddable":true,"href":"https:\/\/vinasfm.com\/noticias\/wp-json\/wp\/v2\/categories?post=108125"},{"taxonomy":"post_tag","embeddable":true,"href":"https:\/\/vinasfm.com\/noticias\/wp-json\/wp\/v2\/tags?post=108125"}],"curies":[{"name":"wp","href":"https:\/\/api.w.org\/{rel}","templated":true}]}}