{"id":108109,"date":"2022-05-01T06:00:22","date_gmt":"2022-05-01T09:00:22","guid":{"rendered":"http:\/\/vinasfm.com\/noticias\/?p=108109"},"modified":"2022-05-02T10:11:25","modified_gmt":"2022-05-02T13:11:25","slug":"el-municipio-y-la-uncuyo-acercaron-propuestas-y-herramientas-a-los-estudiantes-alvearenses","status":"publish","type":"post","link":"https:\/\/vinasfm.com\/noticias\/el-municipio-y-la-uncuyo-acercaron-propuestas-y-herramientas-a-los-estudiantes-alvearenses\/","title":{"rendered":"EL MUNICIPIO Y LA UNCUYO ACERCARON PROPUESTAS Y HERRAMIENTAS A LOS ESTUDIANTES ALVEARENSES"},"content":{"rendered":"<h4><strong><span style=\"color: #000000;\">Marcos Caro, Director de Desarrollo Econ\u00f3mico e Innovaci\u00f3n, y referentes de UNCuyo, dieron detalles del Programa Educativo \u201cUNCuyo llega a tu escuela\u201d que se desarroll\u00f3 en colegios locales.<\/span><\/strong><\/h4>\n<p><span style=\"color: #000000;\">El objetivo es transmitir las herramientas que con las que se cuentan para los m\u00e1s j\u00f3venes, seg\u00fan explic\u00f3 Marcos Caro: \u201c<strong><em>Participamos en Bowen, en la Escuela de Agricultura y en el centro con todas las escuelas de la periferia, llegando con el mensaje de la UNCuyo y la Municipalidad a trav\u00e9s de herramientas de financiamiento, emprendedurismo y todo lo que necesiten los j\u00f3venes para emprender sus negocios<\/em><\/strong>\u201d.<\/span><\/p>\n<p><span style=\"color: #000000;\">Patricia Cerezo, del \u00e1rea de Desarrollo Territorial UNCuyo, dijo que se acerc\u00f3 la oferta educativa con la que cuenta la UNCuyo tanto en Alvear como en San Rafael: \u201c<strong><em>Se hizo un pantallazo general de c\u00f3mo pueden tramitar becas y dem\u00e1s, ese fue el objetivo principal, acercarles la oferta educativa a su lugar. Estuvimos en la Escuela Enore de Monte, la Escuela Agricultura y en la Escuela 12 de Agosto<\/em><\/strong>\u201d. En estas recorridas se pudo observar un gran inter\u00e9s por parte de los chicos, algo que se logr\u00f3 gracias a una din\u00e1mica en forma de taller, donde se dio una charla informativa pero tambi\u00e9n se interactu\u00f3 para que los chicos tuvieran una experiencia din\u00e1mica.<\/span><\/p>\n<p><span style=\"color: #000000;\">Por su parte Carlos Ponce, Secretario de Desarrollo Econ\u00f3mico y Promoci\u00f3n Departamental, explic\u00f3: \u201c<strong><em>Le estamos trayendo a todo el alumnado la oferta educativa y todo lo que van a enfrentar en la nueva etapa que les toca a estos chicos que est\u00e1n por terminar la secundaria. Por eso desde la Municipalidad decidimos acompa\u00f1ar esto para mostrar tambi\u00e9n las herramientas que tenemos, como la Agencia de Ciencia y Tecnolog\u00eda, que apuesta a estimular a los chicos para que se capaciten y desarrollen sus habilidades asociativas para que puedan emprender<\/em><\/strong>\u201d.<\/span><\/p>\n<p>F.B.<\/p>\n","protected":false},"excerpt":{"rendered":"<p>Marcos Caro, Director de Desarrollo Econ\u00f3mico e Innovaci\u00f3n, y referentes de UNCuyo, dieron detalles del Programa Educativo \u201cUNCuyo llega a tu &#8230;<\/p>\n","protected":false},"author":8,"featured_media":108111,"comment_status":"open","ping_status":"open","sticky":false,"template":"","format":"standard","meta":{"footnotes":""},"categories":[5,18],"tags":[],"class_list":["post-108109","post","type-post","status-publish","format-standard","has-post-thumbnail","hentry","category-actualidad","category-educacion"],"_links":{"self":[{"href":"https:\/\/vinasfm.com\/noticias\/wp-json\/wp\/v2\/posts\/108109","targetHints":{"allow":["GET"]}}],"collection":[{"href":"https:\/\/vinasfm.com\/noticias\/wp-json\/wp\/v2\/posts"}],"about":[{"href":"https:\/\/vinasfm.com\/noticias\/wp-json\/wp\/v2\/types\/post"}],"author":[{"embeddable":true,"href":"https:\/\/vinasfm.com\/noticias\/wp-json\/wp\/v2\/users\/8"}],"replies":[{"embeddable":true,"href":"https:\/\/vinasfm.com\/noticias\/wp-json\/wp\/v2\/comments?post=108109"}],"version-history":[{"count":2,"href":"https:\/\/vinasfm.com\/noticias\/wp-json\/wp\/v2\/posts\/108109\/revisions"}],"predecessor-version":[{"id":108180,"href":"https:\/\/vinasfm.com\/noticias\/wp-json\/wp\/v2\/posts\/108109\/revisions\/108180"}],"wp:featuredmedia":[{"embeddable":true,"href":"https:\/\/vinasfm.com\/noticias\/wp-json\/wp\/v2\/media\/108111"}],"wp:attachment":[{"href":"https:\/\/vinasfm.com\/noticias\/wp-json\/wp\/v2\/media?parent=108109"}],"wp:term":[{"taxonomy":"category","embeddable":true,"href":"https:\/\/vinasfm.com\/noticias\/wp-json\/wp\/v2\/categories?post=108109"},{"taxonomy":"post_tag","embeddable":true,"href":"https:\/\/vinasfm.com\/noticias\/wp-json\/wp\/v2\/tags?post=108109"}],"curies":[{"name":"wp","href":"https:\/\/api.w.org\/{rel}","templated":true}]}}