{"id":108068,"date":"2022-04-29T00:59:13","date_gmt":"2022-04-29T03:59:13","guid":{"rendered":"http:\/\/vinasfm.com\/noticias\/?p=108068"},"modified":"2022-05-02T10:28:23","modified_gmt":"2022-05-02T13:28:23","slug":"trasladaron-a-san-rafael-a-un-hombre-que-sufrio-lesiones-graves-al-desmayarse-mientras-circulaba-en-bicicleta","status":"publish","type":"post","link":"https:\/\/vinasfm.com\/noticias\/trasladaron-a-san-rafael-a-un-hombre-que-sufrio-lesiones-graves-al-desmayarse-mientras-circulaba-en-bicicleta\/","title":{"rendered":"TRASLADARON A SAN RAFAEL A UN JOVEN QUE SUFRI\u00d3 GRAVES LESIONES AL DESMAYARSE MIENTRAS CIRCULABA EN BICICLETA"},"content":{"rendered":"<h4><span style=\"color: #000000;\"><strong>Este mi\u00e9rcoles, un hombre de 27 a\u00f1os sufri\u00f3 lesiones de gravedad al desmayarse mientras circulaba en su bicicleta y caer pesadamente sobre calle Centenario. A ra\u00edz del cuadro que presenta fue traslado al Hospital Teodoro J. Schestakow.<\/strong><\/span><\/h4>\n<p><span style=\"color: #000000;\">De acuerdo a la informaci\u00f3n suministrada a <strong><em>F.M. VI\u00d1AS<\/em><\/strong>, cerca de las <strong>19:10hs del pasado mi\u00e9rcoles<\/strong> tras terminar de jugar al f\u00fatbol, habr\u00eda tomado algunas cervezas (seg\u00fan testigos) y <strong>se retir\u00f3 a bordo de su bicicleta por calle Centenario<\/strong>. A la altura municipal 600, por causas aun no establecidas, <strong>el ciclista se desmay\u00f3 y cay\u00f3 fuertemente sobre la cinta asf\u00e1ltica<\/strong>.<\/span><\/p>\n<p><span style=\"color: #000000;\">Minutos despu\u00e9s <strong>recuper\u00f3 el conocimiento, logr\u00f3 hacer se\u00f1as de auxilio a un automovilista que transitaba por dicha arteria y volvi\u00f3 a desvanecerse<\/strong>, no recordando c\u00f3mo lleg\u00f3 a su casa. <strong>Su padre lo llev\u00f3 alrededor de las 23hs al nosocomio local<\/strong> donde lo asistieron por las lesiones que revest\u00eda diagnostic\u00e1ndole <strong><em>fractura de cr\u00e1neo con desplazamiento de l\u00edquido en el cerebro, hematoma en el ojo izquierdo<\/em><\/strong> y <em><strong>fractura de clav\u00edcula<\/strong><\/em>.<\/span><\/p>\n<p><span style=\"color: #000000;\">Debido a la gravedad de su situaci\u00f3n, <strong>los profesionales que lo asistieron en el hospital local autorizaron su derivaci\u00f3n al Schestakow<\/strong>, donde <strong>permanece internado con <em>&#8216;riesgo de vida&#8217;<\/em><\/strong>, rese\u00f1a el informe oficial.<\/span><\/p>\n<p><span style=\"color: #000000;\">Luego de tomar conocimiento a trav\u00e9s de la consigna policial de la guardia del hospital, personal de Comisar\u00eda 14\u00b0 comenz\u00f3 las investigaciones pertinentes de lo sucedido bajo instrucci\u00f3n de la <strong>Unidad Fiscal de General Alvear.<\/strong><\/span><\/p>\n<h5><span style=\"color: #000000;\">F.B. (F.M. Vi\u00f1as).<\/span><\/h5>\n","protected":false},"excerpt":{"rendered":"<p>Este mi\u00e9rcoles, un hombre de 27 a\u00f1os sufri\u00f3 lesiones de gravedad al desmayarse mientras circulaba en su bicicleta y caer pesadamente &#8230;<\/p>\n","protected":false},"author":8,"featured_media":77245,"comment_status":"open","ping_status":"open","sticky":false,"template":"","format":"standard","meta":{"footnotes":""},"categories":[5,4],"tags":[],"class_list":["post-108068","post","type-post","status-publish","format-standard","has-post-thumbnail","hentry","category-actualidad","category-policiales"],"_links":{"self":[{"href":"https:\/\/vinasfm.com\/noticias\/wp-json\/wp\/v2\/posts\/108068","targetHints":{"allow":["GET"]}}],"collection":[{"href":"https:\/\/vinasfm.com\/noticias\/wp-json\/wp\/v2\/posts"}],"about":[{"href":"https:\/\/vinasfm.com\/noticias\/wp-json\/wp\/v2\/types\/post"}],"author":[{"embeddable":true,"href":"https:\/\/vinasfm.com\/noticias\/wp-json\/wp\/v2\/users\/8"}],"replies":[{"embeddable":true,"href":"https:\/\/vinasfm.com\/noticias\/wp-json\/wp\/v2\/comments?post=108068"}],"version-history":[{"count":5,"href":"https:\/\/vinasfm.com\/noticias\/wp-json\/wp\/v2\/posts\/108068\/revisions"}],"predecessor-version":[{"id":108073,"href":"https:\/\/vinasfm.com\/noticias\/wp-json\/wp\/v2\/posts\/108068\/revisions\/108073"}],"wp:featuredmedia":[{"embeddable":true,"href":"https:\/\/vinasfm.com\/noticias\/wp-json\/wp\/v2\/media\/77245"}],"wp:attachment":[{"href":"https:\/\/vinasfm.com\/noticias\/wp-json\/wp\/v2\/media?parent=108068"}],"wp:term":[{"taxonomy":"category","embeddable":true,"href":"https:\/\/vinasfm.com\/noticias\/wp-json\/wp\/v2\/categories?post=108068"},{"taxonomy":"post_tag","embeddable":true,"href":"https:\/\/vinasfm.com\/noticias\/wp-json\/wp\/v2\/tags?post=108068"}],"curies":[{"name":"wp","href":"https:\/\/api.w.org\/{rel}","templated":true}]}}