{"id":108053,"date":"2022-04-30T23:59:21","date_gmt":"2022-05-01T02:59:21","guid":{"rendered":"http:\/\/vinasfm.com\/noticias\/?p=108053"},"modified":"2022-05-02T09:08:13","modified_gmt":"2022-05-02T12:08:13","slug":"malvinas-ninos-del-barrio-costa-del-atuel-pinta-un-mural-en-homenaje-a-los-40-anos-de-la-guerra-de-malvinas","status":"publish","type":"post","link":"https:\/\/vinasfm.com\/noticias\/malvinas-ninos-del-barrio-costa-del-atuel-pinta-un-mural-en-homenaje-a-los-40-anos-de-la-guerra-de-malvinas\/","title":{"rendered":"NI\u00d1OS DEL B\u00b0 COSTA DEL ATUEL PINTARON UN MURAL EN HOMENAJE A LOS CA\u00cdDOS Y VETERANOS DE MALVINAS"},"content":{"rendered":"<h4><span style=\"color: #000000;\"><strong>En el SUM del barrio Costa del Atuel se trabaj\u00f3 en un mural que conmemora el 40\u00b0 aniversario de la Gesta de Malvinas, proyecto proveniente del programa <\/strong><\/span><strong style=\"color: #000000;\">&#8216;<em>Paredes que hablan<\/em>&#8216;\u00a0<\/strong><strong style=\"color: #000000;\">de la asesor\u00eda de la juventud denominado.<\/strong><\/h4>\n<p><span style=\"color: #000000;\">El mural esta a cargo de la <strong>profesora Sonia Torres<\/strong> y su objetivo, adem\u00e1s de embellecer las paredes del SUM, es homenajear a los <strong>ca\u00eddos y<\/strong> <strong>veteranos de Malvinas<\/strong>. El mural tiene una nueva presencia ya que ni\u00f1os del barrio Costa del Atuel estar\u00e1n participando en dicha actividad.<\/span><\/p>\n<p><span style=\"color: #000000;\"><strong>Cecilia Ariet<\/strong>, Directora de Familia, expres\u00f3: &#8216;<strong><em>Los ni\u00f1os est\u00e1n muy contentos, los vemos participar y sentirse unos artistas con todo esto, estamos contentos de poder llegar a todos los barrios y que cada SUM este en funcionamiento<\/em>&#8216;.<\/strong><\/span><\/p>\n<p><span style=\"color: #000000;\">Hace un tiempo se esta trabajando con los vecinos de dicho barrio poder embellecer las paredes del SUM, &#8216;<strong><em>ellos han hecho diferentes pedidos para que este funcione adecuadamente con diferentes actividades destinadas a ni\u00f1os y adultos. De lunes a s\u00e1bado en horas de la tarde es el funcionamiento que tienen para abordar las actividades<\/em><\/strong>&#8216;, concluy\u00f3 la funcionaria.<\/span><\/p>\n<p><span style=\"color: #000000;\">L.L<\/span><\/p>\n","protected":false},"excerpt":{"rendered":"<p>En el SUM del barrio Costa del Atuel se trabaj\u00f3 en un mural que conmemora el 40\u00b0 aniversario de la Gesta &#8230;<\/p>\n","protected":false},"author":7,"featured_media":108091,"comment_status":"open","ping_status":"open","sticky":false,"template":"","format":"standard","meta":{"footnotes":""},"categories":[5,10],"tags":[],"class_list":["post-108053","post","type-post","status-publish","format-standard","has-post-thumbnail","hentry","category-actualidad","category-destacadas"],"_links":{"self":[{"href":"https:\/\/vinasfm.com\/noticias\/wp-json\/wp\/v2\/posts\/108053","targetHints":{"allow":["GET"]}}],"collection":[{"href":"https:\/\/vinasfm.com\/noticias\/wp-json\/wp\/v2\/posts"}],"about":[{"href":"https:\/\/vinasfm.com\/noticias\/wp-json\/wp\/v2\/types\/post"}],"author":[{"embeddable":true,"href":"https:\/\/vinasfm.com\/noticias\/wp-json\/wp\/v2\/users\/7"}],"replies":[{"embeddable":true,"href":"https:\/\/vinasfm.com\/noticias\/wp-json\/wp\/v2\/comments?post=108053"}],"version-history":[{"count":9,"href":"https:\/\/vinasfm.com\/noticias\/wp-json\/wp\/v2\/posts\/108053\/revisions"}],"predecessor-version":[{"id":108096,"href":"https:\/\/vinasfm.com\/noticias\/wp-json\/wp\/v2\/posts\/108053\/revisions\/108096"}],"wp:featuredmedia":[{"embeddable":true,"href":"https:\/\/vinasfm.com\/noticias\/wp-json\/wp\/v2\/media\/108091"}],"wp:attachment":[{"href":"https:\/\/vinasfm.com\/noticias\/wp-json\/wp\/v2\/media?parent=108053"}],"wp:term":[{"taxonomy":"category","embeddable":true,"href":"https:\/\/vinasfm.com\/noticias\/wp-json\/wp\/v2\/categories?post=108053"},{"taxonomy":"post_tag","embeddable":true,"href":"https:\/\/vinasfm.com\/noticias\/wp-json\/wp\/v2\/tags?post=108053"}],"curies":[{"name":"wp","href":"https:\/\/api.w.org\/{rel}","templated":true}]}}