{"id":108044,"date":"2022-04-30T23:59:00","date_gmt":"2022-05-01T02:59:00","guid":{"rendered":"http:\/\/vinasfm.com\/noticias\/?p=108044"},"modified":"2022-05-02T08:35:42","modified_gmt":"2022-05-02T11:35:42","slug":"los-jueves-se-realiza-eco-canje-en-el-mercado-municipal","status":"publish","type":"post","link":"https:\/\/vinasfm.com\/noticias\/los-jueves-se-realiza-eco-canje-en-el-mercado-municipal\/","title":{"rendered":"LOS JUEVES SE REALIZA &#8216;ECO CANJE&#8217; EN EL MERCADO MUNICIPAL"},"content":{"rendered":"<h4><span style=\"color: #000000;\"><strong>En el Mercado Municipal, el Director de Gesti\u00f3n Ambiental Rainero Caterbetti invit\u00f3 a Jueves de Mercado, donde se puede participar del Programa de EcoCanje: cambiando pl\u00e1stico, vidrio, papel o aluminio por L\u00e1pices Suyana o Bolsas de Hilatex.<\/strong><\/span><\/h4>\n<p><span style=\"color: #000000;\">El Eco canje consta en acercar al Mercado Municipal, los jueves, de 9 a 12:30h, materiales reciclables por productos elaborados en nuestro Departamento, de manera de promover la econom\u00eda circular, dejar de depender de la extracci\u00f3n de recursos, de este modo, lograr cuidar los recursos naturales y promover el cuidado del ambiente.<\/span><\/p>\n<p><span style=\"color: #000000;\">\u201c<strong><em>Se logra un triple impacto: un impacto ambiental positivo, al sacar de circulaci\u00f3n materiales que pueden terminar en un cauce de riego o en la v\u00eda p\u00fablica, un impacto econ\u00f3mico al reinsertarlos nuevamente en la econom\u00eda y un impacto social, dado que estamos trabajando con empresas locales, como Suyana L\u00e1pices y la cooperativa Hilatex, quienes elaboran bolsas de compra con telas recicladas<\/em><\/strong>\u201d, destac\u00f3 Caterbetti.<\/span><\/p>\n<p><span style=\"color: #000000;\">Dependiendo de la cantidad de telas, latas o cart\u00f3n que acerque el vecino, personal de la Direcci\u00f3n de gesti\u00f3n ambiental le va a entregar una bolsa de Hilatex o un l\u00e1piz de Suyana.<\/span><\/p>\n","protected":false},"excerpt":{"rendered":"<p>En el Mercado Municipal, el Director de Gesti\u00f3n Ambiental Rainero Caterbetti invit\u00f3 a Jueves de Mercado, donde se puede participar del &#8230;<\/p>\n","protected":false},"author":8,"featured_media":108045,"comment_status":"open","ping_status":"open","sticky":false,"template":"","format":"standard","meta":{"footnotes":""},"categories":[5,34],"tags":[],"class_list":["post-108044","post","type-post","status-publish","format-standard","has-post-thumbnail","hentry","category-actualidad","category-medio-ambiente"],"_links":{"self":[{"href":"https:\/\/vinasfm.com\/noticias\/wp-json\/wp\/v2\/posts\/108044","targetHints":{"allow":["GET"]}}],"collection":[{"href":"https:\/\/vinasfm.com\/noticias\/wp-json\/wp\/v2\/posts"}],"about":[{"href":"https:\/\/vinasfm.com\/noticias\/wp-json\/wp\/v2\/types\/post"}],"author":[{"embeddable":true,"href":"https:\/\/vinasfm.com\/noticias\/wp-json\/wp\/v2\/users\/8"}],"replies":[{"embeddable":true,"href":"https:\/\/vinasfm.com\/noticias\/wp-json\/wp\/v2\/comments?post=108044"}],"version-history":[{"count":1,"href":"https:\/\/vinasfm.com\/noticias\/wp-json\/wp\/v2\/posts\/108044\/revisions"}],"predecessor-version":[{"id":108046,"href":"https:\/\/vinasfm.com\/noticias\/wp-json\/wp\/v2\/posts\/108044\/revisions\/108046"}],"wp:featuredmedia":[{"embeddable":true,"href":"https:\/\/vinasfm.com\/noticias\/wp-json\/wp\/v2\/media\/108045"}],"wp:attachment":[{"href":"https:\/\/vinasfm.com\/noticias\/wp-json\/wp\/v2\/media?parent=108044"}],"wp:term":[{"taxonomy":"category","embeddable":true,"href":"https:\/\/vinasfm.com\/noticias\/wp-json\/wp\/v2\/categories?post=108044"},{"taxonomy":"post_tag","embeddable":true,"href":"https:\/\/vinasfm.com\/noticias\/wp-json\/wp\/v2\/tags?post=108044"}],"curies":[{"name":"wp","href":"https:\/\/api.w.org\/{rel}","templated":true}]}}