{"id":108010,"date":"2022-04-28T23:59:44","date_gmt":"2022-04-29T02:59:44","guid":{"rendered":"http:\/\/vinasfm.com\/noticias\/?p=108010"},"modified":"2022-05-02T09:05:23","modified_gmt":"2022-05-02T12:05:23","slug":"la-fiesta-de-la-ganaderia-contara-con-una-gran-festival-ecuestre","status":"publish","type":"post","link":"https:\/\/vinasfm.com\/noticias\/la-fiesta-de-la-ganaderia-contara-con-una-gran-festival-ecuestre\/","title":{"rendered":"LA FIESTA DE LA GANADER\u00cdA CONTAR\u00c1 CON UNA GRAN FESTIVAL ECUESTRE"},"content":{"rendered":"<h4><strong><span style=\"color: #000000;\">Del mi\u00e9rcoles 4 al domingo 8 de mayo abrir\u00e1 la tranquera de la Fiesta Nacional de la Ganader\u00eda de Zonas \u00c1ridas en General Alvear y entre las particularidades que tendr\u00e1 el evento, el festival ecuestre se lleva gran parte de las miradas.<\/span><\/strong><\/h4>\n<p><span style=\"color: #000000;\">Con la participaci\u00f3n de 50 binomios, el s\u00e1bado 7 de mayo por la tarde tendr\u00e1 lugar el 1 Torneo Nacional De Destrezas Criollas mientras que el domingo 8 se desarrollar\u00e1 una vez m\u00e1s la gran Jineteada del oeste argentino con 75 montas de alto nivel.<\/span><\/p>\n<h4><span style=\"color: #000000;\"><strong>El festival de destrezas<\/strong> <\/span><\/h4>\n<p><span style=\"color: #000000;\">El s\u00e1bado 7 de mayo desde las dos de la tarde, el predio ferial en ruta 188 y calle 7 ser\u00e1 sede de campeonato de destrezas criollas con jinetes que competir\u00e1n en Jes\u00fas Mar\u00eda.<\/span><br \/>\n<span style=\"color: #000000;\">Para llegar a la final que se desarrollar\u00e1 en la fiesta hubo tres fechas clasificatorias previas \u201cen la que demostraron sus habilidades 168 binomios, ganaron 16 en la categor\u00eda menores y 35 en la categor\u00eda mayores lo cuales participar\u00e1n de la final\u201d, coment\u00f3 Miguel Sosa, uno de los responsables del evento tradicionalista.<\/span><\/p>\n<p><span style=\"color: #000000;\">Como novedad para esta edici\u00f3n \u201ctambi\u00e9n contaremos con caballos mansos y adiestrados preparados para diferentes disciplinas\u201d.<\/span><\/p>\n<h4><span style=\"color: #000000;\"><strong>La jineteada del oeste argentino<\/strong><\/span><\/h4>\n<p><span style=\"color: #000000;\">El festival de jineteada es una tradici\u00f3n para el cierre de la Fiesta de la Ganader\u00eda. En esta oportunidad hay 75 montas con los mejores caballos de la regi\u00f3n y como broche de oro \u201cvan a haber 10 montas de basto y 10 en grupo, adem\u00e1s del desfile de Emprendados y podremos disfrutar de caballos de recado que hicieron historia en el pa\u00eds\u201d, remarc\u00f3 Ricardo Balmaceda.<\/span><\/p>\n<p><span style=\"color: #000000;\">Al campo de doma de la feria ganadera llegar\u00e1n tropillas de Villa Mercedes (San Luis), San Juan, Rancul (La Pampa) y del resto de Mendoza.<\/span><br \/>\n<span style=\"color: #000000;\">Como toque de distinci\u00f3n de la jineteada \u201cLuis L\u00f3pez y Luis Hern\u00e1ndez ser\u00e1n los apadrinadores y la animaci\u00f3n estar\u00e1 cargo de Daniel Fassi, la voz de Jes\u00fas Mar\u00eda, junto a nuestro payador Facundo Miranda\u201d, agreg\u00f3 Balmaceda.<\/span><\/p>\n<h4><span style=\"color: #000000;\"><strong>Entradas<\/strong><\/span><\/h4>\n<p><span style=\"color: #000000;\">Promoci\u00f3n 2 X 1: Las personas que adquieran la entrada de manera anticipada (valor $1.000) para el domingo de jinetada tambi\u00e9n podr\u00e1n ingresar el s\u00e1bado a las destrezas, adem\u00e1s de tener acceso al resto del predio ferial con la expo comercial entre otras actividades.<\/span><\/p>\n<ul>\n<li><span style=\"color: #000000;\">Individual Destrezas: el costo de la entrada el s\u00e1bado 7 es de $300.<\/span><\/li>\n<li><span style=\"color: #000000;\">Individual Jineteada: el valor de la entrada en la taquilla el domingo 8 es de $1.000.<\/span><\/li>\n<\/ul>\n<p>F.B.<\/p>\n","protected":false},"excerpt":{"rendered":"<p>Del mi\u00e9rcoles 4 al domingo 8 de mayo abrir\u00e1 la tranquera de la Fiesta Nacional de la Ganader\u00eda de Zonas \u00c1ridas &#8230;<\/p>\n","protected":false},"author":8,"featured_media":108012,"comment_status":"open","ping_status":"open","sticky":false,"template":"","format":"standard","meta":{"footnotes":""},"categories":[5,28],"tags":[],"class_list":["post-108010","post","type-post","status-publish","format-standard","has-post-thumbnail","hentry","category-actualidad","category-fiesta-nacional-de-la-ganaderia"],"_links":{"self":[{"href":"https:\/\/vinasfm.com\/noticias\/wp-json\/wp\/v2\/posts\/108010","targetHints":{"allow":["GET"]}}],"collection":[{"href":"https:\/\/vinasfm.com\/noticias\/wp-json\/wp\/v2\/posts"}],"about":[{"href":"https:\/\/vinasfm.com\/noticias\/wp-json\/wp\/v2\/types\/post"}],"author":[{"embeddable":true,"href":"https:\/\/vinasfm.com\/noticias\/wp-json\/wp\/v2\/users\/8"}],"replies":[{"embeddable":true,"href":"https:\/\/vinasfm.com\/noticias\/wp-json\/wp\/v2\/comments?post=108010"}],"version-history":[{"count":2,"href":"https:\/\/vinasfm.com\/noticias\/wp-json\/wp\/v2\/posts\/108010\/revisions"}],"predecessor-version":[{"id":108015,"href":"https:\/\/vinasfm.com\/noticias\/wp-json\/wp\/v2\/posts\/108010\/revisions\/108015"}],"wp:featuredmedia":[{"embeddable":true,"href":"https:\/\/vinasfm.com\/noticias\/wp-json\/wp\/v2\/media\/108012"}],"wp:attachment":[{"href":"https:\/\/vinasfm.com\/noticias\/wp-json\/wp\/v2\/media?parent=108010"}],"wp:term":[{"taxonomy":"category","embeddable":true,"href":"https:\/\/vinasfm.com\/noticias\/wp-json\/wp\/v2\/categories?post=108010"},{"taxonomy":"post_tag","embeddable":true,"href":"https:\/\/vinasfm.com\/noticias\/wp-json\/wp\/v2\/tags?post=108010"}],"curies":[{"name":"wp","href":"https:\/\/api.w.org\/{rel}","templated":true}]}}