{"id":107969,"date":"2022-04-27T23:00:31","date_gmt":"2022-04-28T02:00:31","guid":{"rendered":"http:\/\/vinasfm.com\/noticias\/?p=107969"},"modified":"2022-04-28T10:25:25","modified_gmt":"2022-04-28T13:25:25","slug":"se-firmaron-convenios-para-potenciar-el-empleo-en-alvear","status":"publish","type":"post","link":"https:\/\/vinasfm.com\/noticias\/se-firmaron-convenios-para-potenciar-el-empleo-en-alvear\/","title":{"rendered":"SE FIRMARON CONVENIOS PARA POTENCIAR EL EMPLEO EN ALVEAR"},"content":{"rendered":"<h4><span style=\"color: #000000;\"><strong>El Intendente Walther Marcolini y a Directora General de Empleo y Capacitaci\u00f3n Emilce Vega Espinoza firmaron un convenio por el curso de Steel Framing, un sistema de construcci\u00f3n en seco, que se dictar\u00e1 en Ugacoop.<\/strong><\/span><\/h4>\n<p><span style=\"color: #000000;\">En conferencia de prensa brindaron detalles, la funcionaria provincial, quien invit\u00f3 a inscribirse en la plataforma para capacitarse de manera virtual, el Secretario de Desarrollo y Promoci\u00f3n Departamental Carlos Ponce y el Coordinador de la Oficina de Empleo Ezequiel Kapluk.<\/span><\/p>\n<p><span style=\"color: #000000;\">Se trata de la Capacitaci\u00f3n en Steel Freaming, un sistema de construcci\u00f3n en seco, que <strong>se realizar\u00e1 el viernes 29, de 14 a 18h, y el s\u00e1bado 30 de abril, de 9 a 13h, en UGACOOP<\/strong>. Las inscripciones contin\u00faan abiertas en <a href=\"http:\/\/bit.ly\/3uD79M9\"><strong>http:\/\/bit.ly\/3uD79M9<\/strong><\/a><\/span><\/p>\n<p><span style=\"color: #000000;\">\u201c<strong><em>Recibimos a la Directora de Empleo y Capacitaci\u00f3n, estamos anunciando actividades que se van a desarrollar esta semana y estamos poniendo en valor todo el trabajo que se viene desarrollando en la oficina de empleo local<\/em><\/strong>\u201d, destac\u00f3 Carlos Ponce y se\u00f1al\u00f3 que en el Programa Enlace y Enlazados, la local es la primera oficina en n\u00famero de personas entrenadas, eso se corresponde con ingresos que llegan al Departamento, adem\u00e1s del fortalecimiento de los j\u00f3venes para facilitarles el ingreso al mundo laboral.<\/span><\/p>\n<p><span style=\"color: #000000;\">Emilce Vega Espinoza explic\u00f3 que la firma de convenio con el Intendente permite la realizaci\u00f3n de la capacitaci\u00f3n en construcci\u00f3n en seco, que inicia esta semana con una pr\u00e1ctica en Mendoza. Adem\u00e1s, la Provincia de manera conjunta con el Ministerio de Econom\u00eda hace posible que este tipo de capacitaciones se puedan llevar a cabo. \u201c<strong><em>Por otra parte, hay una serie de capacitaciones On line, gratuitas, de autogesti\u00f3n, que estamos buscando que los vecinos de Alvear participen, con una clara mejora de la empleabilidad<\/em><\/strong>\u201d.<\/span><\/p>\n<p><span style=\"color: #000000;\">Hay buena recepci\u00f3n de Enlace y Enlazados, algunas empresas de Alvear empiezan a sumarse a este programa de generaci\u00f3n genuina de empleo. \u201c<strong><em>En Enlace las personas van a poder capacitarse durante un mes y hay un sistema de autogesti\u00f3n para que reciban su certificado. Son cinco los cursos: uno sobre curr\u00edculum y entrevista laboral; otro sobre alfabetizaci\u00f3n digital: Word, Excel, Drive; Operaciones en caja; Atenci\u00f3n al cliente en restaurantes, tiendas de comercio, servicio; trabajos rurales, elementos de seguridad personal. Estos cursos surgen de la necesidad de comercios, empresas y negocios, por eso se crea el entorno de capacitaci\u00f3n Enlace, donde hay un cupo de 2000 personas por mes. Invito a que se sumen, participen y se acerquen a la Oficina de Empleo o ingresen a la web del Ministerio de Econom\u00eda https:\/\/www.mendoza.gov.ar\/economia\/ para acceder a este tipo de capacitaciones gratuitas<\/em><\/strong>\u201d.<\/span><\/p>\n<p><span style=\"color: #000000;\">Respecto a la capacitaci\u00f3n de Steel Freaming hay buena respuesta con 80 inscriptos aproximadamente, subray\u00f3 Ezequiel Kapluk. \u201c<strong><em>Ha sido satisfactorio que muchas personas se hayan sumado en esta instancia de capacitaci\u00f3n y el hecho de poder brindar cursos para generar mano de obra calificada adem\u00e1s de poder generar autoempleo con esta nueva t\u00e9cnica de construcci\u00f3n<\/em><\/strong>\u201d.<\/span><\/p>\n","protected":false},"excerpt":{"rendered":"<p>El Intendente Walther Marcolini y a Directora General de Empleo y Capacitaci\u00f3n Emilce Vega Espinoza firmaron un convenio por el curso &#8230;<\/p>\n","protected":false},"author":8,"featured_media":107971,"comment_status":"open","ping_status":"open","sticky":false,"template":"","format":"standard","meta":{"footnotes":""},"categories":[5,10],"tags":[],"class_list":["post-107969","post","type-post","status-publish","format-standard","has-post-thumbnail","hentry","category-actualidad","category-destacadas"],"_links":{"self":[{"href":"https:\/\/vinasfm.com\/noticias\/wp-json\/wp\/v2\/posts\/107969","targetHints":{"allow":["GET"]}}],"collection":[{"href":"https:\/\/vinasfm.com\/noticias\/wp-json\/wp\/v2\/posts"}],"about":[{"href":"https:\/\/vinasfm.com\/noticias\/wp-json\/wp\/v2\/types\/post"}],"author":[{"embeddable":true,"href":"https:\/\/vinasfm.com\/noticias\/wp-json\/wp\/v2\/users\/8"}],"replies":[{"embeddable":true,"href":"https:\/\/vinasfm.com\/noticias\/wp-json\/wp\/v2\/comments?post=107969"}],"version-history":[{"count":1,"href":"https:\/\/vinasfm.com\/noticias\/wp-json\/wp\/v2\/posts\/107969\/revisions"}],"predecessor-version":[{"id":107973,"href":"https:\/\/vinasfm.com\/noticias\/wp-json\/wp\/v2\/posts\/107969\/revisions\/107973"}],"wp:featuredmedia":[{"embeddable":true,"href":"https:\/\/vinasfm.com\/noticias\/wp-json\/wp\/v2\/media\/107971"}],"wp:attachment":[{"href":"https:\/\/vinasfm.com\/noticias\/wp-json\/wp\/v2\/media?parent=107969"}],"wp:term":[{"taxonomy":"category","embeddable":true,"href":"https:\/\/vinasfm.com\/noticias\/wp-json\/wp\/v2\/categories?post=107969"},{"taxonomy":"post_tag","embeddable":true,"href":"https:\/\/vinasfm.com\/noticias\/wp-json\/wp\/v2\/tags?post=107969"}],"curies":[{"name":"wp","href":"https:\/\/api.w.org\/{rel}","templated":true}]}}