{"id":107910,"date":"2022-04-27T23:30:20","date_gmt":"2022-04-28T02:30:20","guid":{"rendered":"http:\/\/vinasfm.com\/noticias\/?p=107910"},"modified":"2022-04-28T10:24:49","modified_gmt":"2022-04-28T13:24:49","slug":"se-retomaron-las-obras-en-el-departamento","status":"publish","type":"post","link":"https:\/\/vinasfm.com\/noticias\/se-retomaron-las-obras-en-el-departamento\/","title":{"rendered":"AVANZAN LAS OBRAS DE ASFALTO EN DISTINTOS PUNTOS DEL DEPARTAMENTO"},"content":{"rendered":"<h4><span style=\"color: #000000;\"><strong>El Director de Obras P\u00fablicas del municipio Ignacio Castro inform\u00f3 acerca de las obras que se ejecutan en el Departamento.<\/strong><\/span><\/h4>\n<p><span style=\"color: #000000;\">Se est\u00e1 ejecutando fresado y demolici\u00f3n de imprimaci\u00f3n sobre calle Alem, entre calle G y calle Lorca, un tramo de 500m. Est\u00e1 presente en el lugar una m\u00e1quina vial provincial, una fresadora. \u201c<strong><em>Hoy va a quedar habilitado el tr\u00e1nsito y preparado para el posterior asfaltado, que se va realizar en las pr\u00f3ximas semanas, al igual que en calle Carlos Gardel y calle Sarmiento del Barrio Cald\u00e9n, en esa etapa va a estar incluido tambi\u00e9n el pasaje Berg\u00f3s, donde se hizo el a\u00f1o pasado red de gas, de cloacas y de agua. En mayo estar\u00eda finalizado el pavimento con carpeta asf\u00e1ltica<\/em><\/strong>\u201d, especific\u00f3 el funcionario.<\/span><\/p>\n<p><span style=\"color: #000000;\">Es para destacar que el Municipio hizo un plan de asfalto y abri\u00f3 una licitaci\u00f3n de cuarenta millones de pesos, un Plan de Infraestructura municipal -PIM-, donde fue adjudicada la <strong>empresa CLEANOSOL<\/strong>, al igual que en <strong>Diagonal Jorge Sim\u00f3n<\/strong>, donde esta semana se reanudan los trabajos para terminar rotonda.<\/span><\/p>\n<p><span style=\"color: #000000;\">El <strong>PIM incluye calle Mitre, Sargento Medina, Estanislao Zeballos, Mart\u00edn de Irigoyen, Sarmiento, Chapeaurouge, Barrio Irrigaci\u00f3n<\/strong> y otras calles del Departamento.<\/span><\/p>\n<p><span style=\"color: #000000;\">La \u00faltima licitaci\u00f3n se efectu\u00f3 el 22 de abril y comprende la urbanizaci\u00f3n del <strong>Barrio Matadero<\/strong>, una obra de algo m\u00e1s de diecis\u00e9is millones de pesos, se present\u00f3 una sola empresa, que si cumple con los requisitos resultar\u00e1 ser la adjudicada.<\/span><\/p>\n<p><span style=\"color: #000000;\">Se est\u00e1 trabajando en la finalizaci\u00f3n de obra del <strong>Barrio Di Paolo<\/strong>, se trata de la ampliaci\u00f3n en un pasaje y se est\u00e1 trabajando en una obra de urbanizaci\u00f3n de m\u00e1s de 24 millones de pesos en Barrio Montes de Oca.<\/span><\/p>\n<p><span style=\"color: #000000;\">\u201c<strong><em>Este a\u00f1o hemos logrado con Aysam, debido a los hundimientos en el pavimento producto de rotura de ca\u00f1os de agua o de cloacas, que, mediante convenio Aysam disponga el material, hormig\u00f3n elaborado, y el municipio realiza los trabajos de demolici\u00f3n, compactaci\u00f3n, perfilado y hormigonado de esas calles. Espec\u00edficamente, tamos trabajando en calle San Rafael en dos hundimientos, llegando a Jos\u00e9 Ingenieros, otro en calle Zeballos, en calle Alfonso S\u00e1enz y Avenida Alvear Oeste y queremos continuar en calle Intendente Morales<\/em><\/strong>\u201d, enfatiz\u00f3 Ignacio Castro y a\u00f1adi\u00f3: \u201c<strong><em>Son muchos los sectores en los que hay presencia de personal y maquinaria vial trabajando por eso solicito a los vecinos que circulen con precauci\u00f3n porque a veces la se\u00f1alizaci\u00f3n no es suficiente o producto del viento se caen los carteles, les pido paciencia porque estamos trabajando para mejorar las calles<\/em><\/strong>\u201d.<\/span><\/p>\n<p><span style=\"color: #000000;\">L.L.<\/span><\/p>\n","protected":false},"excerpt":{"rendered":"<p>El Director de Obras P\u00fablicas del municipio Ignacio Castro inform\u00f3 acerca de las obras que se ejecutan en el Departamento. Se &#8230;<\/p>\n","protected":false},"author":7,"featured_media":107980,"comment_status":"open","ping_status":"open","sticky":false,"template":"","format":"standard","meta":{"footnotes":""},"categories":[5,29],"tags":[],"class_list":["post-107910","post","type-post","status-publish","format-standard","has-post-thumbnail","hentry","category-actualidad","category-obras-y-servicios"],"_links":{"self":[{"href":"https:\/\/vinasfm.com\/noticias\/wp-json\/wp\/v2\/posts\/107910","targetHints":{"allow":["GET"]}}],"collection":[{"href":"https:\/\/vinasfm.com\/noticias\/wp-json\/wp\/v2\/posts"}],"about":[{"href":"https:\/\/vinasfm.com\/noticias\/wp-json\/wp\/v2\/types\/post"}],"author":[{"embeddable":true,"href":"https:\/\/vinasfm.com\/noticias\/wp-json\/wp\/v2\/users\/7"}],"replies":[{"embeddable":true,"href":"https:\/\/vinasfm.com\/noticias\/wp-json\/wp\/v2\/comments?post=107910"}],"version-history":[{"count":5,"href":"https:\/\/vinasfm.com\/noticias\/wp-json\/wp\/v2\/posts\/107910\/revisions"}],"predecessor-version":[{"id":107933,"href":"https:\/\/vinasfm.com\/noticias\/wp-json\/wp\/v2\/posts\/107910\/revisions\/107933"}],"wp:featuredmedia":[{"embeddable":true,"href":"https:\/\/vinasfm.com\/noticias\/wp-json\/wp\/v2\/media\/107980"}],"wp:attachment":[{"href":"https:\/\/vinasfm.com\/noticias\/wp-json\/wp\/v2\/media?parent=107910"}],"wp:term":[{"taxonomy":"category","embeddable":true,"href":"https:\/\/vinasfm.com\/noticias\/wp-json\/wp\/v2\/categories?post=107910"},{"taxonomy":"post_tag","embeddable":true,"href":"https:\/\/vinasfm.com\/noticias\/wp-json\/wp\/v2\/tags?post=107910"}],"curies":[{"name":"wp","href":"https:\/\/api.w.org\/{rel}","templated":true}]}}