{"id":107890,"date":"2022-04-26T08:46:22","date_gmt":"2022-04-26T11:46:22","guid":{"rendered":"http:\/\/vinasfm.com\/noticias\/?p=107890"},"modified":"2022-04-27T09:58:12","modified_gmt":"2022-04-27T12:58:12","slug":"destacada-participacion-alvearense-en-el-mundial-de-mountain-bike","status":"publish","type":"post","link":"https:\/\/vinasfm.com\/noticias\/destacada-participacion-alvearense-en-el-mundial-de-mountain-bike\/","title":{"rendered":"DESTACADA PARTICIPACI\u00d3N ALVEARENSE EN EL MUNDIAL DE MOUNTAIN BIKE"},"content":{"rendered":"<h4><span style=\"color: #000000;\"><strong>El ciclista Carlos Medina particip\u00f3 del UCI 2022 Masters MTB World Championships, que tuvo lugar en Cerro Bayo, Villa La Angostura, donde sali\u00f3 cuarto en la Categor\u00eda Master D2.<\/strong><\/span><\/h4>\n<p><span style=\"color: #000000;\">El Director de Deportes, Actividad F\u00edsica y Recreaci\u00f3n Jorge P\u00e1ez resalt\u00f3 que Carlos Medina es un referente del ciclismo alvearense. \u201c<strong><em>Es importante tener un representante del Departamento en un mundial, que en esta oportunidad se realiz\u00f3 en Villa La Angostura, qued\u00f3 en cuarto lugar despu\u00e9s de espa\u00f1oles e italianos. Desde el municipio, poder apoyarlo para que pueda participar de este tipo de evento es importante, porque Carlos es un grande, entrena, dedica mucho tiempo al deporte con sus 66 a\u00f1os<\/em><\/strong>\u201d.<\/span><\/p>\n<p><span style=\"color: #000000;\">Por su parte, el ciclista revel\u00f3 que fue dura la carrera. Fue un mundial de \u00fanica fecha, por lo que estuvieron todos los europeos. \u201c<strong><em>Para m\u00ed ha sido una experiencia nueva por la modalidad. Soy corredor de rally, en esta oportunidad hubo senderos con dificultad. Llegu\u00e9 dos d\u00edas antes de la carrera, como hubo lluvia y nieve en monta\u00f1a no pude recorrer el circuito, al d\u00eda siguiente s\u00ed pude hacerlo, con mucha dificultad porque bajadas son bastante peligrosas. El s\u00e1bado, con lluvia, viento y fr\u00edo se realiz\u00f3 la largada de la carrera, donde varios de mi categor\u00eda desertaron por las inclemencias del tiempo. En una vuelta tuve un desperfecto con el manubrio y me qued\u00e9 con las ganas de un tercer puesto<\/em><\/strong>\u201d.<\/span><\/p>\n<p><span style=\"color: #000000;\">Carlos Medina expres\u00f3 su agradecimiento al municipio por su ayuda para poder participar del UCI 2022. \u201c<strong><em>Este domingo se realiza el Desaf\u00edo del R\u00edo Pinto, una de las carreras m\u00e1s importantes de Sudam\u00e9rica, donde espero ser candidato en un Pinto m\u00e1s<\/em><\/strong>\u201d.<\/span><\/p>\n<p>F.B.<\/p>\n","protected":false},"excerpt":{"rendered":"<p>El ciclista Carlos Medina particip\u00f3 del UCI 2022 Masters MTB World Championships, que tuvo lugar en Cerro Bayo, Villa La Angostura, &#8230;<\/p>\n","protected":false},"author":8,"featured_media":42516,"comment_status":"open","ping_status":"open","sticky":false,"template":"","format":"standard","meta":{"footnotes":""},"categories":[5,3],"tags":[],"class_list":["post-107890","post","type-post","status-publish","format-standard","has-post-thumbnail","hentry","category-actualidad","category-deportes"],"_links":{"self":[{"href":"https:\/\/vinasfm.com\/noticias\/wp-json\/wp\/v2\/posts\/107890","targetHints":{"allow":["GET"]}}],"collection":[{"href":"https:\/\/vinasfm.com\/noticias\/wp-json\/wp\/v2\/posts"}],"about":[{"href":"https:\/\/vinasfm.com\/noticias\/wp-json\/wp\/v2\/types\/post"}],"author":[{"embeddable":true,"href":"https:\/\/vinasfm.com\/noticias\/wp-json\/wp\/v2\/users\/8"}],"replies":[{"embeddable":true,"href":"https:\/\/vinasfm.com\/noticias\/wp-json\/wp\/v2\/comments?post=107890"}],"version-history":[{"count":3,"href":"https:\/\/vinasfm.com\/noticias\/wp-json\/wp\/v2\/posts\/107890\/revisions"}],"predecessor-version":[{"id":107943,"href":"https:\/\/vinasfm.com\/noticias\/wp-json\/wp\/v2\/posts\/107890\/revisions\/107943"}],"wp:featuredmedia":[{"embeddable":true,"href":"https:\/\/vinasfm.com\/noticias\/wp-json\/wp\/v2\/media\/42516"}],"wp:attachment":[{"href":"https:\/\/vinasfm.com\/noticias\/wp-json\/wp\/v2\/media?parent=107890"}],"wp:term":[{"taxonomy":"category","embeddable":true,"href":"https:\/\/vinasfm.com\/noticias\/wp-json\/wp\/v2\/categories?post=107890"},{"taxonomy":"post_tag","embeddable":true,"href":"https:\/\/vinasfm.com\/noticias\/wp-json\/wp\/v2\/tags?post=107890"}],"curies":[{"name":"wp","href":"https:\/\/api.w.org\/{rel}","templated":true}]}}