{"id":107856,"date":"2022-04-25T22:20:15","date_gmt":"2022-04-26T01:20:15","guid":{"rendered":"http:\/\/vinasfm.com\/noticias\/?p=107856"},"modified":"2022-04-26T10:44:58","modified_gmt":"2022-04-26T13:44:58","slug":"un-alvearense-llevaba-a-sus-hijos-a-robar-cables-uno-de-ellos-fallecio-electrocutado-y-quiso-tapar-el-crimen","status":"publish","type":"post","link":"https:\/\/vinasfm.com\/noticias\/un-alvearense-llevaba-a-sus-hijos-a-robar-cables-uno-de-ellos-fallecio-electrocutado-y-quiso-tapar-el-crimen\/","title":{"rendered":"CHUBUT: UN ALVEARENSE LLEVABA A SUS HIJOS A ROBAR CABLES, UNO DE ELLOS FALLECI\u00d3 ELECTROCUTADO Y QUISO TAPAR EL CRIMEN"},"content":{"rendered":"<h4><strong><span style=\"color: #000000;\">Se trata de Sergio Omar Miranda, oriundo de General Alvear y padre del menor de 16 a\u00f1os que muri\u00f3 electrocutado mientras robaba cables de un parque e\u00f3lico de Comodoro Rivadavia. La historia es digna de una cr\u00f3nica de terror que comenz\u00f3 el 19 de marzo en horas de la madrugada.<\/span><\/strong><\/h4>\n<p><span style=\"color: #000000;\">Es que ese d\u00eda en el hospital de Comodoro Rivadavia recibieron un menor de 16 a\u00f1os con serias quemaduras a ra\u00edz de una descarga el\u00e9ctrica, que hizo que terminara falleciendo. En ese momento la familia del adolescente dijo que \u201c<strong><em>hab\u00eda enchufado el cargador del celular descalzo y al contar con una conexi\u00f3n clandestina al servicio sufri\u00f3 la descarga<\/em><\/strong>\u201d sin embargo la autopsia, y posterior quiebre de la familia arroj\u00f3 el peor desenlace.<\/span><\/p>\n<p><span style=\"color: #000000;\">Se logr\u00f3 establecer que el menor hab\u00eda concurrido a robar cables de cobre al Parque E\u00f3lico y all\u00ed se produjo el desenlace fatal, siendo imputado el padre por el hecho dado que hab\u00eda sido quien llev\u00f3 al menor a delinquir junto a otro de sus hijos y otro menor, defini\u00f3 una exhaustiva investigaci\u00f3n llevada adelante por el Personal Divisi\u00f3n de Investigaciones del lugar.<\/span><\/p>\n<p><span style=\"color: #000000;\">Se conocieron detalles de la audiencia desarrollada el viernes, de revisi\u00f3n de la prisi\u00f3n preventiva que ven\u00eda cumpliendo Sergio Omar Miranda, imputado por el crimen de su hijo de 16 a\u00f1os.<\/span><\/p>\n<p><span style=\"color: #000000;\">La audiencia estuvo presidida por el juez penal Alejandro So\u00f1is; por el Ministerio P\u00fablico Fiscal estuvieron el fiscal general Cristian Olaz\u00e1bal y el funcionario de fiscal\u00eda, Cristian Ovalle; la defensa del imputado fue ejercida por el abogado particular Wilton Delgado y tambi\u00e9n concurri\u00f3 la asesora de Familia, Carolina Garc\u00eda.<\/span><\/p>\n<p><span style=\"color: #000000;\">Este tiempo la fiscal\u00eda avanz\u00f3 con la evidencia y se pudo establecer que el hecho sucedi\u00f3 tal y como se hab\u00eda se\u00f1alado en la audiencia de imputaci\u00f3n. Hay videos donde se lo ve al imputado llevando a los menores hasta la zona de los molinos para realizar esta sustracci\u00f3n de cables de cobre.<\/span><\/p>\n<p><span style=\"color: #000000;\">De esta forma, la fiscal\u00eda solicit\u00f3 que al avanzar la causa se ve m\u00e1s comprometida la situaci\u00f3n de Miranda, motivo por el cual solicitaron que se mantenga la prisi\u00f3n preventiva por tres meses m\u00e1s hasta que se presente la acusaci\u00f3n y se desarrolle la audiencia preliminar. Peticionando que el imputado contin\u00fae en prisi\u00f3n preventiva por el t\u00e9rmino de tres meses.<\/span><\/p>\n<p><span style=\"color: #000000;\">No obstante, desde la defensa se opusieron solicitando que el hombre permanezca bajo arresto domiciliario, sin embargo, el juez no hizo lugar a este \u00faltimo planteo teniendo en cuenta que Miranda no solamente tiene posibilidades de fugarse de la ciudad sino que podr\u00eda entorpecer la investigaci\u00f3n coaccionando a los testigos.<\/span><\/p>\n<p><span style=\"color: #000000;\">A ello se suma que desde el Juzgado de Familia, a instancias de la asesora de Menores se impuso una prohibici\u00f3n de acercamiento y contacto al grupo familiar y la exclusi\u00f3n de hogar.<\/span><\/p>\n<p><span style=\"color: #000000;\">En estos t\u00e9rminos, el juez rechaz\u00f3 la morigeraci\u00f3n de la medida y decidi\u00f3 que Miranda contin\u00fae en prisi\u00f3n preventiva un mes m\u00e1s, para que la defensa pueda presentar mejores elementos para propiciar una medida sustituta.<\/span><\/p>\n<p><span style=\"color: #000000;\">\u201cMiranda hab\u00eda conformado una empresa criminal vali\u00e9ndose de menores para cometer il\u00edcitos\u201d dijo al medio Cr\u00f3nica Neuqu\u00e9n el fiscal Cristian Olaz\u00e1bal dando cuenta tambi\u00e9n de una din\u00e1mica familiar caracterizada por la violencia que ejerc\u00eda el imputado hacia su grupo.<\/span><\/p>\n<p><span style=\"color: #000000;\">Por el momento la causa qued\u00f3 caratulada como \u201cHomicidio en ocasi\u00f3n de robo\u201d pero las evidencias y elementos de prueba llevar\u00edan a que se potencie la alternativa de robo en lugar despoblado y en banda con el agravante de la participaci\u00f3n de menores de edad en concurso ideal con homicidio culposo.<\/span><\/p>\n<p>F.B.<\/p>\n","protected":false},"excerpt":{"rendered":"<p>Se trata de Sergio Omar Miranda, oriundo de General Alvear y padre del menor de 16 a\u00f1os que muri\u00f3 electrocutado mientras &#8230;<\/p>\n","protected":false},"author":8,"featured_media":107857,"comment_status":"open","ping_status":"open","sticky":false,"template":"","format":"standard","meta":{"footnotes":""},"categories":[5,4],"tags":[],"class_list":["post-107856","post","type-post","status-publish","format-standard","has-post-thumbnail","hentry","category-actualidad","category-policiales"],"_links":{"self":[{"href":"https:\/\/vinasfm.com\/noticias\/wp-json\/wp\/v2\/posts\/107856","targetHints":{"allow":["GET"]}}],"collection":[{"href":"https:\/\/vinasfm.com\/noticias\/wp-json\/wp\/v2\/posts"}],"about":[{"href":"https:\/\/vinasfm.com\/noticias\/wp-json\/wp\/v2\/types\/post"}],"author":[{"embeddable":true,"href":"https:\/\/vinasfm.com\/noticias\/wp-json\/wp\/v2\/users\/8"}],"replies":[{"embeddable":true,"href":"https:\/\/vinasfm.com\/noticias\/wp-json\/wp\/v2\/comments?post=107856"}],"version-history":[{"count":5,"href":"https:\/\/vinasfm.com\/noticias\/wp-json\/wp\/v2\/posts\/107856\/revisions"}],"predecessor-version":[{"id":107949,"href":"https:\/\/vinasfm.com\/noticias\/wp-json\/wp\/v2\/posts\/107856\/revisions\/107949"}],"wp:featuredmedia":[{"embeddable":true,"href":"https:\/\/vinasfm.com\/noticias\/wp-json\/wp\/v2\/media\/107857"}],"wp:attachment":[{"href":"https:\/\/vinasfm.com\/noticias\/wp-json\/wp\/v2\/media?parent=107856"}],"wp:term":[{"taxonomy":"category","embeddable":true,"href":"https:\/\/vinasfm.com\/noticias\/wp-json\/wp\/v2\/categories?post=107856"},{"taxonomy":"post_tag","embeddable":true,"href":"https:\/\/vinasfm.com\/noticias\/wp-json\/wp\/v2\/tags?post=107856"}],"curies":[{"name":"wp","href":"https:\/\/api.w.org\/{rel}","templated":true}]}}