{"id":107813,"date":"2022-04-22T00:04:16","date_gmt":"2022-04-22T03:04:16","guid":{"rendered":"http:\/\/vinasfm.com\/noticias\/?p=107813"},"modified":"2022-04-22T10:35:38","modified_gmt":"2022-04-22T13:35:38","slug":"ya-esta-abierta-la-inscripcion-para-acceder-al-bono-que-otorgara-anses","status":"publish","type":"post","link":"https:\/\/vinasfm.com\/noticias\/ya-esta-abierta-la-inscripcion-para-acceder-al-bono-que-otorgara-anses\/","title":{"rendered":"YA EST\u00c1 ABIERTA LA INSCRIPCI\u00d3N PARA ACCEDER AL BONO QUE OTORGAR\u00c1 ANSES"},"content":{"rendered":"<h4><span style=\"color: #000000;\"><strong>La directora ejecutiva de ANSES, Fernanda Raverta, se reuni\u00f3 con periodistas previsionales para informar y despejar todas las dudas sobre el inicio de la inscripci\u00f3n del Refuerzo de Ingresos anunciado por el presidente de la Naci\u00f3n, Alberto Fern\u00e1ndez.<\/strong><\/span><\/h4>\n<p><span style=\"color: #000000;\"><strong>INSCRIPCI\u00d3N AL REFUERZO DE INGRESOS<\/strong><\/span><\/p>\n<p><span style=\"color: #000000;\">La inscripci\u00f3n, que es exclusivamente para trabajadoras y trabajadores informales, de casas particulares, monotributistas sociales y de las categor\u00edas A y B, comenzar\u00e1 el 21 de abril, se extender\u00e1 hasta el 7 de mayo y se realizar\u00e1 \u00fanicamente a trav\u00e9s del sitio web oficial de la ANSES, <a href=\"http:\/\/www.anses.gob.ar\"><strong>www.anses.gob.ar<\/strong><\/a>.<\/span><\/p>\n<p><span style=\"color: #000000;\">Jubilados y pensionados no deben inscribirse ya que cobrar\u00e1n el Refuerzo con el calendario de haberes habitual.<\/span><\/p>\n<h4 style=\"text-align: center;\"><span style=\"color: #000000;\"><strong>LA INSCRIPCI\u00d3N SER\u00c1 MUY SENCILLA Y SE REALIZAR\u00c1 EN DOS ETAPAS:<\/strong><\/span><\/h4>\n<p><span style=\"color: #000000;\"><strong>PRIMERA ETAPA: INICIO DE INSCRIPCI\u00d3N (DESDE EL 21 DE ABRIL)<\/strong><\/span><\/p>\n<p><span style=\"color: #000000;\">La persona que quiera solicitar el Refuerzo deber\u00e1 ingresar a www.anses.gob.ar y entrar al aplicativo de Mi ANSES, para lo cual deber\u00e1 tener a mano su CUIL y Clave de la Seguridad Social.<\/span><\/p>\n<p><span style=\"color: #000000;\">En caso de que no recuerde su CUIL podr\u00e1 consultarlo en el momento, al igual que podr\u00e1 crear su Clave de la Seguridad Social. Va a contar con informaci\u00f3n y tutoriales para hacerlo en nuestra p\u00e1gina web.<\/span><\/p>\n<p><span style=\"color: #000000;\">Una vez que la persona haya ingresado a Mi ANSES, deber\u00e1 elegir la opci\u00f3n Refuerzo de Ingresos y seguir los pasos para completar y actualizar sus datos de contacto (domicilio, tel\u00e9fono y correo electr\u00f3nico).<\/span><\/p>\n<p><span style=\"color: #000000;\"><strong>SEGUNDA Y \u00daLTIMA ETAPA DE INSCRIPCI\u00d3N (DESDE EL 28 DE ABRIL)<\/strong><\/span><\/p>\n<p><span style=\"color: #000000;\">La persona que ya actualiz\u00f3 sus datos de contacto, a partir del 28 de abril deber\u00e1 ingresar nuevamente en Mi ANSES para finalizar con la inscripci\u00f3n: completar la declaraci\u00f3n jurada y validar\/cargar su cuenta bancaria a trav\u00e9s del CBU, donde va a cobrar el refuerzo.<\/span><\/p>\n<p><span style=\"color: #000000;\"><strong>A PARTIR DEL 5 DE MAYO SE INFORMAR\u00c1 QUI\u00c9NES COBRAR\u00c1N EL REFUERZO<\/strong><\/span><\/p>\n<p><span style=\"color: #000000;\">Despu\u00e9s de realizar los cruces de informaci\u00f3n con los distintos organismos y las evaluaciones de la situaci\u00f3n patrimonial, socioecon\u00f3mica y de consumo de las y los solicitantes con el objetivo de verificar que cumplan las distintas condicionalidades para acceder al Refuerzo de Ingresos, las personas podr\u00e1n ingresar a partir del 5 de mayo a Mi ANSES para saber si les corresponde el derecho.<\/span><\/p>\n<p><span style=\"color: #000000;\"><strong>A PARTIR DEL 19 DE MAYO INICIAR\u00c1 EL CRONOGRAMA DE PAGOS DEL REFUERZO DE INGRESOS<\/strong><\/span><\/p>\n<p><span style=\"color: #000000;\">Cabe destacar que, los m\u00e1s de 6.2 millones de jubiladas, jubilados, pensionadas y pensionados que recibir\u00e1n el bono de 12 mil pesos, comenzar\u00e1n a cobrarlo desde principio de mayo, en forma autom\u00e1tica y junto con su haber en el cronograma de pagos habitual.<\/span><\/p>\n","protected":false},"excerpt":{"rendered":"<p>La directora ejecutiva de ANSES, Fernanda Raverta, se reuni\u00f3 con periodistas previsionales para informar y despejar todas las dudas sobre el &#8230;<\/p>\n","protected":false},"author":8,"featured_media":38883,"comment_status":"open","ping_status":"open","sticky":false,"template":"","format":"standard","meta":{"footnotes":""},"categories":[5,14],"tags":[],"class_list":["post-107813","post","type-post","status-publish","format-standard","has-post-thumbnail","hentry","category-actualidad","category-agro"],"_links":{"self":[{"href":"https:\/\/vinasfm.com\/noticias\/wp-json\/wp\/v2\/posts\/107813","targetHints":{"allow":["GET"]}}],"collection":[{"href":"https:\/\/vinasfm.com\/noticias\/wp-json\/wp\/v2\/posts"}],"about":[{"href":"https:\/\/vinasfm.com\/noticias\/wp-json\/wp\/v2\/types\/post"}],"author":[{"embeddable":true,"href":"https:\/\/vinasfm.com\/noticias\/wp-json\/wp\/v2\/users\/8"}],"replies":[{"embeddable":true,"href":"https:\/\/vinasfm.com\/noticias\/wp-json\/wp\/v2\/comments?post=107813"}],"version-history":[{"count":2,"href":"https:\/\/vinasfm.com\/noticias\/wp-json\/wp\/v2\/posts\/107813\/revisions"}],"predecessor-version":[{"id":107819,"href":"https:\/\/vinasfm.com\/noticias\/wp-json\/wp\/v2\/posts\/107813\/revisions\/107819"}],"wp:featuredmedia":[{"embeddable":true,"href":"https:\/\/vinasfm.com\/noticias\/wp-json\/wp\/v2\/media\/38883"}],"wp:attachment":[{"href":"https:\/\/vinasfm.com\/noticias\/wp-json\/wp\/v2\/media?parent=107813"}],"wp:term":[{"taxonomy":"category","embeddable":true,"href":"https:\/\/vinasfm.com\/noticias\/wp-json\/wp\/v2\/categories?post=107813"},{"taxonomy":"post_tag","embeddable":true,"href":"https:\/\/vinasfm.com\/noticias\/wp-json\/wp\/v2\/tags?post=107813"}],"curies":[{"name":"wp","href":"https:\/\/api.w.org\/{rel}","templated":true}]}}