{"id":107777,"date":"2022-04-22T08:48:56","date_gmt":"2022-04-22T11:48:56","guid":{"rendered":"http:\/\/vinasfm.com\/noticias\/?p=107777"},"modified":"2022-04-25T08:36:46","modified_gmt":"2022-04-25T11:36:46","slug":"exitosa-promocion-de-la-41-fiesta-nacional-de-la-ganaderia-en-la-ciudad-de-mendoza","status":"publish","type":"post","link":"https:\/\/vinasfm.com\/noticias\/exitosa-promocion-de-la-41-fiesta-nacional-de-la-ganaderia-en-la-ciudad-de-mendoza\/","title":{"rendered":"EXITOSA PROMOCI\u00d3N DE LA 41\u00b0 FIESTA NACIONAL DE LA GANADER\u00cdA EN LA CIUDAD DE MENDOZA"},"content":{"rendered":"<h4><span style=\"color: #000000;\"><strong>Este jueves se desarroll\u00f3 una jornada de promoci\u00f3n del Departamento General Alvear en la Ciudad de Mendoza, donde la Municipalidad y la C\u00e1mara de Comercio invitaron a la 41\u00b0 edici\u00f3n de la Fiesta Nacional de la Ganader\u00eda, esta es una acci\u00f3n que se realiz\u00f3 en conjunto con la Ciudad de Mendoza . El Intendente Walther Marcolini firm\u00f3 dos convenios con el Intendente de Ciudad Ulpiano Suarez.<\/strong><\/span><\/h4>\n<div id=\"attachment_107783\" style=\"width: 300px\" class=\"wp-caption alignright\"><a style=\"color: #000000;\" href=\"http:\/\/vinasfm.com\/noticias\/wp-content\/uploads\/2022\/04\/MG_7233.jpg\"><img loading=\"lazy\" decoding=\"async\" aria-describedby=\"caption-attachment-107783\" class=\"wp-image-107783 size-medium\" src=\"http:\/\/vinasfm.com\/noticias\/wp-content\/uploads\/2022\/04\/MG_7233-300x169.jpg\" alt=\"\" width=\"300\" height=\"169\" srcset=\"https:\/\/vinasfm.com\/noticias\/wp-content\/uploads\/2022\/04\/MG_7233-300x169.jpg 300w, https:\/\/vinasfm.com\/noticias\/wp-content\/uploads\/2022\/04\/MG_7233-1024x576.jpg 1024w, https:\/\/vinasfm.com\/noticias\/wp-content\/uploads\/2022\/04\/MG_7233-768x432.jpg 768w, https:\/\/vinasfm.com\/noticias\/wp-content\/uploads\/2022\/04\/MG_7233-1536x864.jpg 1536w, https:\/\/vinasfm.com\/noticias\/wp-content\/uploads\/2022\/04\/MG_7233-750x420.jpg 750w, https:\/\/vinasfm.com\/noticias\/wp-content\/uploads\/2022\/04\/MG_7233-1140x641.jpg 1140w, https:\/\/vinasfm.com\/noticias\/wp-content\/uploads\/2022\/04\/MG_7233.jpg 1920w\" sizes=\"auto, (max-width: 300px) 100vw, 300px\" \/><\/a><p id=\"caption-attachment-107783\" class=\"wp-caption-text\"><span style=\"color: #000000;\">Presentaci\u00f3n banda municipal.<\/span><\/p><\/div>\n<p><span style=\"color: #000000;\">\u201c<strong><em>Junto a Ulpiano Suarez y a la Ministra de Cultura y Turismo Nora Vicario estamos poniendo en valor General Alvear, mostrando la econom\u00eda social y la mayor fiesta del Departamento, cuya 41\u00ba edici\u00f3n tendr\u00e1 lugar del 4 al 8 de mayo con su almuerzo oficial, el s\u00e1bado 7 de mayo, el viernes 6 es el acto ganadero y remate feria de animales, donde se muestra la calidad de los terneros de los campos alvearenses<\/em><\/strong>\u201d manifest\u00f3 el intendente Walther Marcolini quien adem\u00e1s firm\u00f3, junto al intendente de Ciudad Ulpiano Su\u00e1rez, convenios de colaboraci\u00f3n mutua con la Ciudad de Mendoza, de donde se ha recibido mucha colaboraci\u00f3n en nuevas tecnolog\u00edas para la digitalizaci\u00f3n: \u201c<strong><em>Este es todo un nuevo proceso que hemos encarado en el Departamento, donde hay equipo trabajando en ello<\/em><\/strong>\u201d, resalt\u00f3 el Jefe Comunal.<\/span><\/p>\n<p><span style=\"color: #000000;\">Respecto al turismo en Alvear se\u00f1al\u00f3 que en el \u00faltimo tiempo ha crecido mucho: \u201c<strong><em>Tenemos una gran labor porque pasamos a ser un turismo receptivo, ya no es solo de paso. Este es un gran desaf\u00edo, donde se ha puesto en valor la cultura gastron\u00f3mica, los museos, el turismo rural, los lugares que enamoran de General Alvear, por lo que invitamos a todos los mendocinos a conocerlos<\/em><\/strong>\u201d.<\/span><\/p>\n<p><span style=\"color: #000000;\">El Intendente Ulpiano Suarez, por su parte expres\u00f3: \u201c<strong><em>En el D\u00eda de Alvear en Mendoza, la Peatonal Sarmiento tiene vida, a partir de los bailarines alvearenses, de la banda municipal, de los artesanos de econom\u00eda social. Adem\u00e1s, es una buena oportunidad para ratificar los lazos de cooperaci\u00f3n y trabajo mancomunado con el municipio de General Alvear para el intercambio de experiencias de gesti\u00f3n y uno espec\u00edfico para la promoci\u00f3n tur\u00edstica. La Semana Santa ha puesto de manifiesto la importancia del turismo en Mendoza. Vamos a trabajar en experiencias tur\u00edsticas: Enoturismo, de naturaleza, deportivo, educativo. Hay mucho para trabajar en conjunto, estamos convencidos de que los municipios debemos involucrarnos con el desarrollo econ\u00f3mico, por eso, hay que sostener el turismo durante todo el a\u00f1o y en toda la Provincia con una agenda com\u00fan<\/em><\/strong>\u201d.<\/span><\/p>\n<p><span style=\"color: #000000;\"><a style=\"color: #000000;\" href=\"http:\/\/vinasfm.com\/noticias\/wp-content\/uploads\/2022\/04\/IMG_7175.jpg\"><img loading=\"lazy\" decoding=\"async\" class=\" wp-image-107782 aligncenter\" src=\"http:\/\/vinasfm.com\/noticias\/wp-content\/uploads\/2022\/04\/IMG_7175-300x169.jpg\" alt=\"\" width=\"646\" height=\"364\" srcset=\"https:\/\/vinasfm.com\/noticias\/wp-content\/uploads\/2022\/04\/IMG_7175-300x169.jpg 300w, https:\/\/vinasfm.com\/noticias\/wp-content\/uploads\/2022\/04\/IMG_7175-1024x576.jpg 1024w, https:\/\/vinasfm.com\/noticias\/wp-content\/uploads\/2022\/04\/IMG_7175-768x432.jpg 768w, https:\/\/vinasfm.com\/noticias\/wp-content\/uploads\/2022\/04\/IMG_7175-1536x864.jpg 1536w, https:\/\/vinasfm.com\/noticias\/wp-content\/uploads\/2022\/04\/IMG_7175-1140x641.jpg 1140w, https:\/\/vinasfm.com\/noticias\/wp-content\/uploads\/2022\/04\/IMG_7175.jpg 1920w\" sizes=\"auto, (max-width: 646px) 100vw, 646px\" \/><\/a><\/span><\/p>\n<p><span style=\"color: #000000;\">El Secretario de Desarrollo y Promoci\u00f3n Departamental Carlos Ponce inform\u00f3 acerca de las actividades que se desarrollan en la Peatonal Sarmiento de Mendoza, entre calle Espa\u00f1a y Patricias Mendocinas: \u201cEl evento se ha denominado \u201c<strong><em>D\u00eda de Alvear en Mendoza<\/em><\/strong>\u201d y se trata de una actividad de promoci\u00f3n y desarrollo, poniendo en valor las econom\u00edas sociales, el fomento del turismo, de las actividades culturales, de la gastronom\u00eda y de la 41\u00ba edici\u00f3n de la Fiesta Nacional de la Ganader\u00eda, en conjunto con la firma de convenios del Intendente Walther Marcolini junto con el Intendente de la Ciudad capital Ulpiano Suarez, de colaboraci\u00f3n mutua y de intercambio tur\u00edstico, que benefician a ambos Departamentos.<\/span><\/p>\n<p><span style=\"color: #000000;\">Las actividades en la Peatonal Sarmiento iniciaron a las 9h con los artesanos de econom\u00eda social, continu\u00f3 con la actuaci\u00f3n de la Banda Municipal junto con el Ballet Municipal. A las 11h se realiz\u00f3 la firma de convenios y la invitaci\u00f3n a la 41\u00ba Fiesta Nacional de la Ganader\u00eda con los tradicionales costillares, que se va a desarrollar del 4 al 8 de mayo en el predio ferial, ubicado en Ruta 188 y calle 7. Por la tarde, nuevamente estuvo presente la Banda junto al Ballet municipal y hubo venta de productos de artesanos locales.<\/span><\/p>\n<p><span style=\"color: #000000;\"><a style=\"color: #000000;\" href=\"http:\/\/vinasfm.com\/noticias\/wp-content\/uploads\/2022\/04\/IMG_7145.jpg\"><img loading=\"lazy\" decoding=\"async\" class=\"size-medium wp-image-107781 alignleft\" src=\"http:\/\/vinasfm.com\/noticias\/wp-content\/uploads\/2022\/04\/IMG_7145-300x169.jpg\" alt=\"\" width=\"300\" height=\"169\" srcset=\"https:\/\/vinasfm.com\/noticias\/wp-content\/uploads\/2022\/04\/IMG_7145-300x169.jpg 300w, https:\/\/vinasfm.com\/noticias\/wp-content\/uploads\/2022\/04\/IMG_7145-1024x576.jpg 1024w, https:\/\/vinasfm.com\/noticias\/wp-content\/uploads\/2022\/04\/IMG_7145-768x432.jpg 768w, https:\/\/vinasfm.com\/noticias\/wp-content\/uploads\/2022\/04\/IMG_7145-1536x864.jpg 1536w, https:\/\/vinasfm.com\/noticias\/wp-content\/uploads\/2022\/04\/IMG_7145-750x420.jpg 750w, https:\/\/vinasfm.com\/noticias\/wp-content\/uploads\/2022\/04\/IMG_7145-1140x641.jpg 1140w, https:\/\/vinasfm.com\/noticias\/wp-content\/uploads\/2022\/04\/IMG_7145.jpg 1920w\" sizes=\"auto, (max-width: 300px) 100vw, 300px\" \/><\/a>El Presidente de la Espec\u00edfica de Turismo de la C\u00e1mara de Comercio Adri\u00e1n Rossi resalt\u00f3 la importancia de la promoci\u00f3n de la Fiesta Nacional de la Ganader\u00eda, mostrando la cultura alvearense, no solo con los tradicionales costillares, tambi\u00e9n con m\u00fasica en vivo, danzas y expositores con su feria, en un lugar tan importante para Mendoza como lo es la peatonal Sarmiento: \u201c<strong><em>Estamos mostrando nuestra cultura, la m\u00fasica, el baile, y los expositores, sin dudas algo muy integral e importante<\/em><\/strong>\u201d dijo.<\/span><\/p>\n<p><span style=\"color: #000000;\">Durante el \u201c<strong><em>D\u00eda de Alvear en Mendoza<\/em><\/strong>\u201d se desarroll\u00f3 una amplia variedad de actividades que ponen en valor a General Alvear como destino tur\u00edstico, se expusieron a los presentes las virtudes del Departamento, se convid\u00f3 costillares, hubo degustaci\u00f3n de comidas t\u00edpicas y vinos, feria de fincas, artesanos, la Banda y el Ballet municipal, invitando a mendocinos y turistas a la 41 Fiesta Nacional de la Ganader\u00eda.<\/span><\/p>\n<p><span style=\"color: #000000;\">Es para destacar, que la Ministra de Turismo de la Provincia Nora Vicario refrend\u00f3 dos convenios, uno marco y otro de colaboraci\u00f3n mutua, que firmaron el Intendente Marcolini y el Intendente de la Ciudad de Mendoza Ulpiano Suarez, ya que General Alvear trabaja hace a\u00f1os para poner en valor el intercambio entre los municipios mendocinos y para fomentar el desarrollo tur\u00edstico: \u201c<strong><em>Estamos refrendando este convenio, que es muy importante porque desde la gesti\u00f3n del Gobernador trabajamos en una visi\u00f3n integral, a trav\u00e9s de acciones que integren esa visi\u00f3n de Mendoza, que nos muestra al mundo, y donde sea que el turista llegue, se va a encontrar con esa Mendoza integrada<\/em><\/strong>\u201d expres\u00f3 Vicario.<\/span><\/p>\n<p><span style=\"color: #000000;\">Asimismo, la Ministra de Turismo, destac\u00f3 la importancia de la Fiesta Nacional de la Ganader\u00eda, a la que calific\u00f3 como un hecho muy importante para la ganader\u00eda y para potenciar a la Provincia como punto tur\u00edstico en el pa\u00eds.<\/span><\/p>\n<p><span style=\"color: #000000;\">El Presidente de la C\u00e1mara de Comercio Jorge Noguerol, agradeci\u00f3 a los intendentes de General Alvear y la Ciudad de Mendoza por la posibilidad de mostrar las bondades de nuestro departamento en la capital provincial: \u201c<strong><em>Es una peque\u00f1a muestra de lo que es General Alvear, que ofrece un abanico de posibilidades para los turistas. Adem\u00e1s realizamos algunas gestiones en Casa de Gobierno de cara a la pr\u00f3xima Fiesta Nacional de la Ganader\u00eda<\/em><\/strong>\u201d.<\/span><\/p>\n","protected":false},"excerpt":{"rendered":"<p>Este jueves se desarroll\u00f3 una jornada de promoci\u00f3n del Departamento General Alvear en la Ciudad de Mendoza, donde la Municipalidad y &#8230;<\/p>\n","protected":false},"author":8,"featured_media":107780,"comment_status":"open","ping_status":"open","sticky":false,"template":"","format":"standard","meta":{"footnotes":""},"categories":[5,28],"tags":[],"class_list":["post-107777","post","type-post","status-publish","format-standard","has-post-thumbnail","hentry","category-actualidad","category-fiesta-nacional-de-la-ganaderia"],"_links":{"self":[{"href":"https:\/\/vinasfm.com\/noticias\/wp-json\/wp\/v2\/posts\/107777","targetHints":{"allow":["GET"]}}],"collection":[{"href":"https:\/\/vinasfm.com\/noticias\/wp-json\/wp\/v2\/posts"}],"about":[{"href":"https:\/\/vinasfm.com\/noticias\/wp-json\/wp\/v2\/types\/post"}],"author":[{"embeddable":true,"href":"https:\/\/vinasfm.com\/noticias\/wp-json\/wp\/v2\/users\/8"}],"replies":[{"embeddable":true,"href":"https:\/\/vinasfm.com\/noticias\/wp-json\/wp\/v2\/comments?post=107777"}],"version-history":[{"count":5,"href":"https:\/\/vinasfm.com\/noticias\/wp-json\/wp\/v2\/posts\/107777\/revisions"}],"predecessor-version":[{"id":107834,"href":"https:\/\/vinasfm.com\/noticias\/wp-json\/wp\/v2\/posts\/107777\/revisions\/107834"}],"wp:featuredmedia":[{"embeddable":true,"href":"https:\/\/vinasfm.com\/noticias\/wp-json\/wp\/v2\/media\/107780"}],"wp:attachment":[{"href":"https:\/\/vinasfm.com\/noticias\/wp-json\/wp\/v2\/media?parent=107777"}],"wp:term":[{"taxonomy":"category","embeddable":true,"href":"https:\/\/vinasfm.com\/noticias\/wp-json\/wp\/v2\/categories?post=107777"},{"taxonomy":"post_tag","embeddable":true,"href":"https:\/\/vinasfm.com\/noticias\/wp-json\/wp\/v2\/tags?post=107777"}],"curies":[{"name":"wp","href":"https:\/\/api.w.org\/{rel}","templated":true}]}}