{"id":107660,"date":"2022-04-17T00:01:38","date_gmt":"2022-04-17T03:01:38","guid":{"rendered":"http:\/\/vinasfm.com\/noticias\/?p=107660"},"modified":"2022-04-20T09:07:50","modified_gmt":"2022-04-20T12:07:50","slug":"hoy-martes-se-festejaran-los-112-anos-de-real-del-padre","status":"publish","type":"post","link":"https:\/\/vinasfm.com\/noticias\/hoy-martes-se-festejaran-los-112-anos-de-real-del-padre\/","title":{"rendered":"ESTE MARTES SE FESTEJAR\u00c1N LOS 112 A\u00d1OS DE REAL DEL PADRE"},"content":{"rendered":"<h4><strong><span style=\"color: #000000;\">El s\u00e1bado 16 se cumpli\u00f3 un nuevo aniversario de este distrito. Por esta raz\u00f3n, se ha previsto una serie de actividades, muchas de las cuales se realizar\u00e1n durante este d\u00eda. Ram\u00f3n P\u00e9rez, quien es el encargado de los actos y la publicidad que hacen a esta celebraci\u00f3n.<\/span><\/strong><\/h4>\n<p><span style=\"color: #000000;\"><em><strong>&#8216;Este martes a partir de las 10 de la ma\u00f1ana se va a realizar el acto protocolar en la Plaza General San Mart\u00edn de Real del Padre. Van a estar presentes todas las autoridades municipales, como as\u00ed tambi\u00e9n del distrito, adem\u00e1s de distintas instituciones. Adem\u00e1s, contaremos con la presencia de las reinas y las escuelas primarias junto a las de capacitaci\u00f3n laboral. Ser\u00e1 un acto muy emotivo, en el cual se realizar\u00e1n distintos homenajes a las personas que llevan una vida viviendo aqu\u00ed y brindando todo para que nuestro lugar siga creciendo&#8217;<\/strong><\/em>, asegur\u00f3 P\u00e9rez.<\/span><\/p>\n<p><span style=\"color: #000000;\">Por otra parte, se refiri\u00f3 a la actualidad de Real del Padre y los j\u00f3venes que muchas veces parten de los distritos hacia otras ciudades. <em><strong>&#8216;<span class=\"sigijh_hlt sigijh_animateMe\">Ac\u00e1 es como en todos lados, si bien se da esta cuesti\u00f3n debemos se\u00f1alar que con menor intensidad. Tenemos la suerte de que muchos de ellos se reciben y vuelven a trabajar aqu\u00ed como m\u00e9dicos o ingenieros. Esto es sumamente importante porque incrementa la calidad de vida.<\/span> Hay muchos agricultores de corta edad que trabajan las fincas de sus padres o sus abuelos. Somos unos 13 mil habitantes, aproximadamente, y el distrito debe tener una extensi\u00f3n de unas 11300 hect\u00e1reas. Hay distintos parajes donde se concentran los centros urbanos por lo que aument\u00f3 la poblaci\u00f3n considerablemente&#8217;<\/strong><\/em>, enfatiz\u00f3 el vecino.<\/span><\/p>\n<p><span style=\"color: #000000;\">En este mismo sentido a\u00f1adi\u00f3 que es importante la cantidad de personas que han ido de vacaciones, y luego toman a este distrito como lugar de residencia. <strong><em>&#8216;Nosotros tenemos muchas actividades y lugares muy lindos en Real del Padre.\u00a0Tenemos el Dique Rinc\u00f3n del Indio, y el festival del Canto y la Cosecha, el cual es un evento que congrega muchas personas. Nos visitan turistas que luego se enamoran del lugar y se quedan ac\u00e1&#8217;<\/em><\/strong>, dijo con orgullo Ram\u00f3n.<\/span><\/p>\n<p><span style=\"color: #000000;\">Por \u00faltimo, hizo referencia a la importancia del evento que se desarrollar\u00e1 a partir de esta ma\u00f1ana. <strong><em>&#8216;<span class=\"sigijh_hlt sigijh_animateMe\">Los esperamos a todos, vamos a homenajear a un gran trabajador de las instituciones locales, como era el caso de Daniel de la Hoz quien falleci\u00f3 hace un a\u00f1o, lamentablemente.\u00a0<\/span>Tambi\u00e9n al exdelegado, que muri\u00f3 hace poquitos meses. Reconocerlos a ellos es muy importante porque eran personas que trabajaron mucho por este distrito y dejaron su marca en el pueblo mediante su trabajo social y cultural. A su vez le haremos un c\u00e1lido agasajo a una vecina que se llama Urbelina Morales de Videla. Ella tiene 97 a\u00f1os y ha visto nacer a este sitio&#8217;<\/em><\/strong>, finaliz\u00f3.<\/span><\/p>\n","protected":false},"excerpt":{"rendered":"<p>El s\u00e1bado 16 se cumpli\u00f3 un nuevo aniversario de este distrito. Por esta raz\u00f3n, se ha previsto una serie de actividades, &#8230;<\/p>\n","protected":false},"author":7,"featured_media":105311,"comment_status":"open","ping_status":"open","sticky":false,"template":"","format":"standard","meta":{"footnotes":""},"categories":[5,10],"tags":[],"class_list":["post-107660","post","type-post","status-publish","format-standard","has-post-thumbnail","hentry","category-actualidad","category-destacadas"],"_links":{"self":[{"href":"https:\/\/vinasfm.com\/noticias\/wp-json\/wp\/v2\/posts\/107660","targetHints":{"allow":["GET"]}}],"collection":[{"href":"https:\/\/vinasfm.com\/noticias\/wp-json\/wp\/v2\/posts"}],"about":[{"href":"https:\/\/vinasfm.com\/noticias\/wp-json\/wp\/v2\/types\/post"}],"author":[{"embeddable":true,"href":"https:\/\/vinasfm.com\/noticias\/wp-json\/wp\/v2\/users\/7"}],"replies":[{"embeddable":true,"href":"https:\/\/vinasfm.com\/noticias\/wp-json\/wp\/v2\/comments?post=107660"}],"version-history":[{"count":3,"href":"https:\/\/vinasfm.com\/noticias\/wp-json\/wp\/v2\/posts\/107660\/revisions"}],"predecessor-version":[{"id":107702,"href":"https:\/\/vinasfm.com\/noticias\/wp-json\/wp\/v2\/posts\/107660\/revisions\/107702"}],"wp:featuredmedia":[{"embeddable":true,"href":"https:\/\/vinasfm.com\/noticias\/wp-json\/wp\/v2\/media\/105311"}],"wp:attachment":[{"href":"https:\/\/vinasfm.com\/noticias\/wp-json\/wp\/v2\/media?parent=107660"}],"wp:term":[{"taxonomy":"category","embeddable":true,"href":"https:\/\/vinasfm.com\/noticias\/wp-json\/wp\/v2\/categories?post=107660"},{"taxonomy":"post_tag","embeddable":true,"href":"https:\/\/vinasfm.com\/noticias\/wp-json\/wp\/v2\/tags?post=107660"}],"curies":[{"name":"wp","href":"https:\/\/api.w.org\/{rel}","templated":true}]}}