{"id":107607,"date":"2022-04-18T23:59:49","date_gmt":"2022-04-19T02:59:49","guid":{"rendered":"http:\/\/vinasfm.com\/noticias\/?p=107607"},"modified":"2022-04-20T09:12:19","modified_gmt":"2022-04-20T12:12:19","slug":"hablo-pablo-longo-sobre-sus-ultimos-meses-en-su-cargo-laboral","status":"publish","type":"post","link":"https:\/\/vinasfm.com\/noticias\/hablo-pablo-longo-sobre-sus-ultimos-meses-en-su-cargo-laboral\/","title":{"rendered":"A D\u00cdAS DE DEJAR SU BANCA, PABLO LONGO EVALU\u00d3 SU PASO POR EL HCD"},"content":{"rendered":"<h4><span style=\"color: #000000;\"><strong>En el marco del d\u00eda mundial de la creatividad e innovaci\u00f3n, Pablo Longo habl\u00f3 sobre la aplicaci\u00f3n que se desarroll\u00f3 para personas con problemas motrices y habl\u00f3 un poco de sus \u00faltimos meses en su cargo laboral.<\/strong><\/span><\/h4>\n<p><span style=\"color: #000000;\">Luego de ocho a\u00f1os de gesti\u00f3n, Pablo Longo deja su cargo laboral, con buenos frutos en su trabajo con dos etapas lindas y duras desde su punto de vista, con una gesti\u00f3n de buen funcionamiento y un gran trabajo en conjunto desde la oposici\u00f3n. Desde lo ejecutivo tambi\u00e9n se lograron los resultados que desearon con grandes obras realizadas en todo el departamento.<\/span><\/p>\n<p><span style=\"color: #000000;\">Desde 2015 se estuvo hablando con APID de poder desarrollar una aplicaci\u00f3n que ayude a otras personas, era inalcanzable dado los precios elevados que conllevaba hacer este tipo de trabajos pero luego de la creaci\u00f3n de la agencia municipal de ciencia y tecnolog\u00eda pudieron presentar el proyecto para obtener fondos. Al principio esta APP estaba dirigida a ni\u00f1os con problemas motrices para poder obtener un mouse popular.<\/span><\/p>\n<p><span style=\"color: #000000;\">Esta aplicaci\u00f3n ha sido seleccionada para el premio iberoamericano de innovaci\u00f3n e investigaci\u00f3n que se realizara en Espa\u00f1a el 21 de abril, un logro bastante importante para todo el personal que se encuentra atr\u00e1s de este gran trabajo, tras dos a\u00f1os de pandemia hubieron grandes retrasos pero con un gran apoyo se logr\u00f3 lo esperado para que ni\u00f1os, j\u00f3venes y adultos puedan comunicarse, aprender, estudiar e interactuar a trav\u00e9s de esta aplicaci\u00f3n.<\/span><\/p>\n<p><span style=\"color: #000000;\">Pablo Longo habl\u00f3 con <strong>F.M VI\u00d1AS<\/strong> y cont\u00f3 que har\u00e1 luego de que termine su tiempo laboral en la gesti\u00f3n<\/span><\/p>\n<p><span style=\"color: #000000;\"><strong>\u00abMas all\u00e1 del chiste de que voy a hacer luego yo verdaderamente espero ser \u00fatil y tener un lugar adecuado, seguir siendo parte de este proceso, nosotros trabajamos en conjunto buscando buenos resultados, pudiendo llevar al pie de la letra todo lo que los ciudadanos nos piden\u00bb<\/strong> agreg\u00f3.<\/span><\/p>\n<p><span style=\"color: #000000;\">Tambi\u00e9n conto como fue su relaci\u00f3n con los diferentes pol\u00edticos:<\/span><\/p>\n<p><span style=\"color: #000000;\"><strong>\u00abHubieron periodos bastante duros debido a discusiones y conflictos que se fueron teniendo a lo largo del tiempo, siempre, recuerdo que con Mauricio Troya discutimos mucho pero logramos realizar lo pensando, en l\u00edneas generales pude trabajar muy bien con todos, es bueno sacarse la camisa partidaria poder tomar ideas que tienen diferentes personas con otro punto pol\u00edtico que nos puedan llevar a los mejores resultados\u00bb<\/strong> opino para <strong>F.M VI\u00d1AS<\/strong><\/span><\/p>\n<p><span style=\"color: #000000;\">Hasta el mes de mayo estar\u00e1 ocupando su cargo pol\u00edtico.<\/span><\/p>\n","protected":false},"excerpt":{"rendered":"<p>En el marco del d\u00eda mundial de la creatividad e innovaci\u00f3n, Pablo Longo habl\u00f3 sobre la aplicaci\u00f3n que se desarroll\u00f3 para &#8230;<\/p>\n","protected":false},"author":8,"featured_media":18919,"comment_status":"open","ping_status":"open","sticky":false,"template":"","format":"standard","meta":{"footnotes":""},"categories":[5,7],"tags":[],"class_list":["post-107607","post","type-post","status-publish","format-standard","has-post-thumbnail","hentry","category-actualidad","category-politica"],"_links":{"self":[{"href":"https:\/\/vinasfm.com\/noticias\/wp-json\/wp\/v2\/posts\/107607","targetHints":{"allow":["GET"]}}],"collection":[{"href":"https:\/\/vinasfm.com\/noticias\/wp-json\/wp\/v2\/posts"}],"about":[{"href":"https:\/\/vinasfm.com\/noticias\/wp-json\/wp\/v2\/types\/post"}],"author":[{"embeddable":true,"href":"https:\/\/vinasfm.com\/noticias\/wp-json\/wp\/v2\/users\/8"}],"replies":[{"embeddable":true,"href":"https:\/\/vinasfm.com\/noticias\/wp-json\/wp\/v2\/comments?post=107607"}],"version-history":[{"count":5,"href":"https:\/\/vinasfm.com\/noticias\/wp-json\/wp\/v2\/posts\/107607\/revisions"}],"predecessor-version":[{"id":107705,"href":"https:\/\/vinasfm.com\/noticias\/wp-json\/wp\/v2\/posts\/107607\/revisions\/107705"}],"wp:featuredmedia":[{"embeddable":true,"href":"https:\/\/vinasfm.com\/noticias\/wp-json\/wp\/v2\/media\/18919"}],"wp:attachment":[{"href":"https:\/\/vinasfm.com\/noticias\/wp-json\/wp\/v2\/media?parent=107607"}],"wp:term":[{"taxonomy":"category","embeddable":true,"href":"https:\/\/vinasfm.com\/noticias\/wp-json\/wp\/v2\/categories?post=107607"},{"taxonomy":"post_tag","embeddable":true,"href":"https:\/\/vinasfm.com\/noticias\/wp-json\/wp\/v2\/tags?post=107607"}],"curies":[{"name":"wp","href":"https:\/\/api.w.org\/{rel}","templated":true}]}}